{"id":997,"date":"2011-01-13T21:10:36","date_gmt":"2011-01-13T21:10:36","guid":{"rendered":"http:\/\/ignacianskaspiritualita.sk\/?p=997"},"modified":"2011-01-13T21:10:36","modified_gmt":"2011-01-13T21:10:36","slug":"volanie-alebo-vyzva-pominutelneho-krala-dc-93-94","status":"publish","type":"post","link":"https:\/\/ignacianskaspiritualita.sk\/index.php\/2011\/01\/volanie-alebo-vyzva-pominutelneho-krala-dc-93-94\/","title":{"rendered":"Volanie alebo v\u00fdzva pominute\u013en\u00e9ho kr\u00e1\u013ea (DC 93-94)"},"content":{"rendered":"<p style=\"text-align: center;\"><strong>Volanie alebo v\u00fdzva pominute\u013en\u00e9ho kr\u00e1\u013ea (DC 93-94)<\/strong><\/p>\n<p style=\"text-align: justify;\">\u201e<sup>1<\/sup> Druh\u00fd bod. Pozorova\u0165, ako tento kr\u00e1\u013e hovor\u00ed ku v\u0161etk\u00fdm svojim \u013eu\u010fom: <sup>2<\/sup> mojou v\u00f4\u013eou je z\u00edska\u0165 cel\u00fa zem neveriacich; preto, kto chce by\u0165 pripojen\u00fd ku mne, mus\u00ed by\u0165 spokojn\u00fd s\u00a0jedlom ako ja, a\u00a0tie\u017e s\u00a0n\u00e1pojom a\u00a0oble\u010den\u00edm, at\u010f.; rovnako mus\u00ed pracova\u0165 so mnou vo dne a\u00a0bdie\u0165 v\u00a0noci, at\u010f.; preto\u017ee tak potom bude ma\u0165 podiel so mnou na v\u00ed\u0165azstve, ako ho mal na n\u00e1mah\u00e1ch.\u201c (DC 93)<!--more--><\/p>\n<p style=\"text-align: justify;\"><strong>T\u00ed, ktor\u00ed s\u00fa volan\u00ed<\/strong><\/p>\n<p style=\"text-align: justify;\">\u201eV\u0161etk\u00fdm svojim \u013eu\u010fom\u201c \u2013 toti\u017e, v\u0161etk\u00fdm t\u00fdm, \u010do boli v\u00a0jeho slu\u017eb\u00e1ch a\u00a0zamestnan\u00ed, bez odmietnutia nikoho.<\/p>\n<p style=\"text-align: justify;\"><strong>\u00damysel<\/strong><\/p>\n<p style=\"text-align: justify;\">Nadchn\u00fa\u0165 cel\u00fd kres\u0165ansk\u00fd \u013eud \u2013 kampa\u0148ou nadchn\u00fa\u0165 v\u0161etk\u00fdch, aby \u201ez\u00edskali zem neveriacich\u201c a\u00a0tak zabr\u00e1nili neust\u00e1lym \u00fatokom a\u00a0prepadnutiam a\u00a0ich nepriazniv\u00fdm vplyvom, zvestuj\u00fac im prav\u00fa vieru a\u00a0znovu navr\u00e1ti\u0165 pre nich Sv\u00e4t\u00e9 miesta. Tieto vyjadrenia sv. Ign\u00e1ca s\u00fa charakteristick\u00e9 pre dobu, v\u00a0ktorej \u017eil a\u00a0mentalitu, v\u00a0ktorej vyrastal. Podobenstvo o kr\u00e1\u013eovstve a\u00a0do\u010dasnom \u2013 pominute\u013enom kr\u00e1\u013eovi m\u00e1 hodnotu v\u0161ak aj dnes: ide o\u00a0kvalifikovan\u00fd prostriedok vyvolen\u00fd Bohom, ide o\u00a0vojnu oslobodenia a\u00a0o\u00a0dokonal\u00fa rovnos\u0165 medzi vodcom a\u00a0poddan\u00fdmi. (pracova\u0165 so mnou, pracova\u0165 ako ja)<\/p>\n<p style=\"text-align: justify;\"><strong>Podmienky<\/strong><\/p>\n<p style=\"text-align: justify;\">Kr\u00e1\u013e poz\u00fdva svojich \u013eud\u00ed, aby i\u0161li \u201es\u00a0n\u00edm\u201c, aby \u017eili \u201eako on\u201c, aby pracovali \u201eako on\u201c, aby mali podiel na jeho n\u00e1mah\u00e1ch a\u00a0nakoniec, aby dosiahli kone\u010dn\u00e9 v\u00ed\u0165azstvo \u201es n\u00edm\u201c. Podobn\u00e9 \u201en\u00e1mahy\u201c Ign\u00e1c vymenov\u00e1va aj v\u00a0bodoch DC 9, 51, 116, 206.<\/p>\n<p style=\"text-align: justify;\"><strong>Odpove\u010f poriaden\u00fdch<\/strong><\/p>\n<p style=\"text-align: justify;\">\u201e<sup>1<\/sup>Tret\u00ed bod. Uva\u017eova\u0165, \u010do musia odpoveda\u0165 dobr\u00ed poddan\u00ed (podriaden\u00ed) tak \u0161tedr\u00e9mu a\u00a0\u013eudsk\u00e9mu kr\u00e1\u013eovi; <sup>2<\/sup> a\u00a0preto, ak by niekto neakceptoval prosbu tak\u00e9hoto kr\u00e1\u013ea, tak\u00fd by si zasluhoval by\u0165 pokarhan\u00fd pred cel\u00fdm svetom a\u00a0pokladan\u00fd za nani\u010dhodn\u00e9ho rytiera.\u201c (DC 94) Sv. Ign\u00e1c pripom\u00edna ide\u00e1l rytierstva a\u00a0t\u00fdm ide\u00e1lom bolo, aby rytier ve\u013ekodu\u0161ne odpovedal na prosbu svojho p\u00e1na a\u00a0kr\u00e1\u013ea.<\/p>\n<p style=\"text-align: justify;\">V\u00a0tomto bode teda m\u00f4\u017eeme n\u00e1js\u0165 pozit\u00edvnu odpove\u010f rytiera \u2013 to s\u00fa t\u00ed, ktor\u00ed maj\u00fa \u00factu a\u00a0v\u00e1\u017enos\u0165 pred svojim kr\u00e1\u013eom, presved\u010den\u00ed o\u00a0tom, \u017ee nikdy nebud\u00fa m\u00f4c\u0165 odpoveda\u0165 tak ako si tento kr\u00e1\u013e zasl\u00fa\u017ei. Taktie\u017e m\u00f4\u017eeme vidie\u0165 odpove\u010f negat\u00edvnu od t\u00fdch, ktor\u00ed stratili d\u00f4stojnos\u0165, \u010des\u0165, vierohodnos\u0165, \u010di d\u00f4veryhodnos\u0165, h\u013eadaj\u00fa iba v\u00fdhovorky, aby sa vyhli tak delik\u00e1tnemu volaniu.<\/p>\n<p style=\"text-align: justify;\">(Dar\u00edo L\u00f3pez Tejada SJ, <em>Los ejercicios espirituales de san Ignacio de Lyola, s.387-388)<\/em><\/p>\n","protected":false},"excerpt":{"rendered":"<p>Volanie alebo v\u00fdzva pominute\u013en\u00e9ho kr\u00e1\u013ea (DC 93-94) \u201e1 Druh\u00fd bod. Pozorova\u0165, ako tento kr\u00e1\u013e hovor\u00ed ku v\u0161etk\u00fdm svojim \u013eu\u010fom: 2 mojou v\u00f4\u013eou je z\u00edska\u0165 cel\u00fa zem neveriacich; preto, kto chce by\u0165 pripojen\u00fd ku mne, mus\u00ed by\u0165 spokojn\u00fd s\u00a0jedlom ako ja, a\u00a0tie\u017e s\u00a0n\u00e1pojom a\u00a0oble\u010den\u00edm, at\u010f.; rovnako mus\u00ed pracova\u0165 so mnou vo dne a\u00a0bdie\u0165 v\u00a0noci, at\u010f.; preto\u017ee&hellip;&nbsp;<a href=\"https:\/\/ignacianskaspiritualita.sk\/index.php\/2011\/01\/volanie-alebo-vyzva-pominutelneho-krala-dc-93-94\/\" rel=\"bookmark\">\u010c\u00edta\u0165 viac &raquo;<span class=\"screen-reader-text\">Volanie alebo v\u00fdzva pominute\u013en\u00e9ho kr\u00e1\u013ea (DC 93-94)<\/span><\/a><\/p>\n","protected":false},"author":2,"featured_media":0,"comment_status":"closed","ping_status":"closed","sticky":false,"template":"","format":"standard","meta":{"neve_meta_sidebar":"","neve_meta_container":"","neve_meta_enable_content_width":"","neve_meta_content_width":0,"neve_meta_title_alignment":"","neve_meta_author_avatar":"","neve_post_elements_order":"","neve_meta_disable_header":"","neve_meta_disable_footer":"","neve_meta_disable_title":"","_ti_tpc_template_sync":false,"_ti_tpc_template_id":""},"categories":[29],"tags":[81,174,132],"_links":{"self":[{"href":"https:\/\/ignacianskaspiritualita.sk\/index.php\/wp-json\/wp\/v2\/posts\/997"}],"collection":[{"href":"https:\/\/ignacianskaspiritualita.sk\/index.php\/wp-json\/wp\/v2\/posts"}],"about":[{"href":"https:\/\/ignacianskaspiritualita.sk\/index.php\/wp-json\/wp\/v2\/types\/post"}],"author":[{"embeddable":true,"href":"https:\/\/ignacianskaspiritualita.sk\/index.php\/wp-json\/wp\/v2\/users\/2"}],"replies":[{"embeddable":true,"href":"https:\/\/ignacianskaspiritualita.sk\/index.php\/wp-json\/wp\/v2\/comments?post=997"}],"version-history":[{"count":0,"href":"https:\/\/ignacianskaspiritualita.sk\/index.php\/wp-json\/wp\/v2\/posts\/997\/revisions"}],"wp:attachment":[{"href":"https:\/\/ignacianskaspiritualita.sk\/index.php\/wp-json\/wp\/v2\/media?parent=997"}],"wp:term":[{"taxonomy":"category","embeddable":true,"href":"https:\/\/ignacianskaspiritualita.sk\/index.php\/wp-json\/wp\/v2\/categories?post=997"},{"taxonomy":"post_tag","embeddable":true,"href":"https:\/\/ignacianskaspiritualita.sk\/index.php\/wp-json\/wp\/v2\/tags?post=997"}],"curies":[{"name":"wp","href":"https:\/\/api.w.org\/{rel}","templated":true}]}}