{"id":990,"date":"2011-01-05T19:54:24","date_gmt":"2011-01-05T19:54:24","guid":{"rendered":"http:\/\/ignacianskaspiritualita.sk\/?p=990"},"modified":"2011-01-05T19:54:24","modified_gmt":"2011-01-05T19:54:24","slug":"sv-ignac-a-ucinna-solidarita","status":"publish","type":"post","link":"https:\/\/ignacianskaspiritualita.sk\/index.php\/2011\/01\/sv-ignac-a-ucinna-solidarita\/","title":{"rendered":"Sv. Ign\u00e1c a \u00fa\u010dinn\u00e1 solidarita"},"content":{"rendered":"<p style=\"text-align: center;\"><strong>Sv. Ign\u00e1c a \u00fa\u010dinn\u00e1 solidarita<\/strong><\/p>\n<p style=\"text-align: justify;\">Kontakt Ign\u00e1ca s\u00a0chudobn\u00fdmi m\u00e1 pe\u010da\u0165 charizmy, ktor\u00e1 zv\u00fdraz\u0148uje jeho duchovn\u00fa cestu od vrcholn\u00e9ho momentu pri rieke Cardoner: <strong>\u201epom\u00e1ha\u0165\u201c<\/strong>. Toti\u017e, p\u00fatnik Ign\u00e1c h\u013ead\u00e1 v\u017edy efekt\u00edvnos\u0165, bez toho, aby sa obmedzil na vn\u00fatorn\u00e9 pocity alebo na podnety in\u0161pirovan\u00e9 iba k\u00a0niektor\u00fdm. Zo za\u010diatku jeho konanie m\u00f4\u017ee by\u0165 vn\u00edman\u00e9 ve\u013emi jednoduch\u00fdm sp\u00f4sobom, preto\u017ee s\u00a0mnoh\u00fdmi chudobn\u00fdmi mal len kr\u00e1tke vz\u0165ahy. Pribli\u017euje n\u00e1m to hlavne <em>Autobiografia<\/em>, v\u00a0ktorej <!--more-->Ign\u00e1c opisuje ako sa podelil s\u00a0peniazmi a\u00a0in\u00fdmi dobrami, ako nav\u0161tevoval chor\u00fdch, ako pom\u00e1hal \u013eu\u010fom, ktor\u00ed boli zneu\u017e\u00edvan\u00ed:<\/p>\n<p style=\"text-align: justify;\">\u201eSo siln\u00fdm vetrom odzadu za p\u00e4\u0165 dn\u00ed a noc\u00ed urobili sme cestu z Barcelony do Gaety, pravda\u017ee nie bez ve\u013ek\u00e9ho strachu v\u0161etk\u00fdch cestuj\u00facich z rozb\u00faren\u00e9ho mora. V celom tom kraji ka\u017ed\u00fd sa ob\u00e1val n\u00e1kazliv\u00e9ho moru. Len \u010do som zost\u00fapil z lode, hne\u010f som sa vydal na cestu do R\u00edma. Niektor\u00ed cestuj\u00faci sa pridru\u017eili ku mne na t\u00fa ist\u00fa cestu: ist\u00e1 matka so svojou dc\u00e9rou, ktor\u00fa preobliekla za ml\u00e1denca a e\u0161te ak\u00fdsi in\u00fd chlapec. T\u00edto \u0161li so mnou, preto\u017ee tie\u017e \u017eobrali. Ke\u010f sme pri\u0161li k ak\u00e9musi dvorcu, na\u0161li sme tam ve\u013ek\u00fd ohe\u0148 a okolo neho vojakov, ktor\u00ed n\u00e1m dali najes\u0165. D\u00e1vali n\u00e1m v\u0161ak aj ve\u013ea v\u00edna a tak n\u00e1s n\u00edm pon\u00fakali, \u017ee sa zdalo, akoby mali v \u00famysle opi\u0165 n\u00e1s. Potom sme sa rozi\u0161li: matka a dc\u00e9ra sa usala\u0161ili v hornej izbe a ja, p\u00fatnik, s mlad\u00edkom v jednej sp\u00e1lni. Okolo polnoci po\u010dul som tam hore ve\u013ek\u00fd krik. Vstal som, aby som videl, \u010do sa rob\u00ed. Dolu na dvore som na\u0161iel matku a dc\u00e9ru vo ve\u013ekom pla\u010di. Povedali mi, \u017ee ich chceli zn\u00e1silni\u0165. Vtedy sa ma zmocnilo tak\u00e9 ve\u013ek\u00e9 rozhor\u010denie, \u017ee som za\u010dal kri\u010da\u0165 a vola\u0165: \u201e\u010ci sa toto m\u00e1 strpie\u0165?\u201c a podobn\u00e9 v\u00fd\u010ditky. Robil som to s to\u013ekou rozhodnos\u0165ou, \u017ee v\u0161etci v tom dome sa nastra\u0161ili a nikto sa nedov\u00e1\u017eil urobi\u0165 ni\u010d zl\u00e9. Medzit\u00fdm spomenut\u00fd mlad\u00edk u\u0161iel a my traja sme sa vydali na cestu e\u0161te tej istej noci.\u201c (<em>Autobiografia<\/em> 38)<\/p>\n<p style=\"text-align: justify;\">\u201eKe\u010f som dostal po\u017eehnanie od p\u00e1pe\u017ea Hadri\u00e1na VI., na \u00f4smy alebo deviaty de\u0148 som sa vydal do Ben\u00e1tok. Niesol som si so sebou \u0161es\u0165 alebo sedem duk\u00e1tov, ktor\u00e9 som dostal na cestu z Ben\u00e1tok do Jeruzalema. Prijal som ich, lebo som sa dal prem\u00f4c\u0165 obavami, \u010do in\u00ed vyvolali u m\u0148a, ke\u010f poukazovali na to, \u017ee sa tam in\u00e1\u010d nedostanem. Druh\u00fd de\u0148 po odchode z R\u00edma som si v\u0161ak za\u010dal uvedomova\u0165, \u017ee to bol u m\u0148a nedostatok d\u00f4very v Boha; ve\u013emi ma zarmucovalo, \u017ee som prijal tie duk\u00e1ty. Rozm\u00fd\u0161\u013eal som, \u010di by nebolo dobr\u00e9 rad\u0161ej ich niekde necha\u0165. Nakoniec som sa rozhodol, \u017ee nimi \u0161tedro obdarujem t\u00fdch, s ktor\u00fdmi som sa stret\u00e1val na cest\u00e1ch a boli to zvy\u010dajne chudobn\u00ed \u013eudia. Tak som aj urobil. Ke\u010f som pri\u0161iel do Ben\u00e1tok, mal som pri sebe len nieko\u013eko \u201equatrinov\u201c, ktor\u00e9 som potreboval na t\u00fa noc.\u201c (<em>Autobiografia <\/em>40)<\/p>\n<p style=\"text-align: justify;\">\u201eDo Ben\u00e1tok som pri\u0161iel v polovici janu\u00e1ra roku 1524; na mori som bol od odchodu z Cypru cel\u00fd mesiac november a december a polovicu janu\u00e1ra. V Ben\u00e1tkach sa so mnou stretol jeden z t\u00fdch dvoch \u0161\u013eachticov, ktor\u00ed ma prijali do svojich domov pred cestou do Jeruzalema. Dal mi almu\u017enu p\u00e4tn\u00e1s\u0165 alebo \u0161estn\u00e1s\u0165 \u201ej\u00faliov\u201c a kus s\u00fakna, ktor\u00e9 som si viacr\u00e1z poskladal a op\u00e1sal som sa n\u00edm, preto\u017ee bola tuh\u00e1 zima. Od chv\u00edle, \u010do som pochopil, \u017ee Bo\u017eia v\u00f4\u013ea je, aby som nezostal v Jeruzaleme, st\u00e1le som uva\u017eoval s\u00e1m v sebe, \u010do robi\u0165? Nakoniec som viac poc\u00edtil n\u00e1klonnos\u0165 k tomu, \u017ee budem nejak\u00fd \u010das \u0161tudova\u0165, <strong>aby som mohol pom\u00e1ha\u0165 du\u0161iam.<\/strong> Rozhodol som sa \u00eds\u0165 do Barcelony. Vydal som sa teda na cestu z Ben\u00e1tok do Janova. Raz, ke\u010f som bol v hlavnom chr\u00e1me vo Ferrare a robil som si tam pobo\u017enos\u0165, nejak\u00fd \u017eobr\u00e1k ma poprosil o almu\u017enu. Dal som mu \u201emarchetto\u201c, t. j. peniaz hodnoty p\u00e4\u0165 alebo \u0161es\u0165 \u201equatrinov\u201c. \u010coskoro pri\u0161iel in\u00fd \u017eobr\u00e1k a tomu som dal druh\u00fd peniaz v\u00e4\u010d\u0161ej hodnoty. A tretiemu, ke\u010f\u017ee mi ostali u\u017e len j\u00falie, dal som jeden j\u00falius. Ke\u010f chudobn\u00ed spozorovali, \u017ee rozd\u00e1vam almu\u017enu, prich\u00e1dzali jeden po druhom, tak\u017ee sa mi vy\u010derpalo v\u0161etko, \u010do som mal. Nakoniec pri\u0161lo e\u0161te pospolu ve\u013ea \u017eobr\u00e1kov prosi\u0165 o almu\u017enu. Povedal som im, aby mi odpustili, preto\u017ee u\u017e ni\u010d nem\u00e1m.\u201c (<em>Autobiografia<\/em> 50) A\u00a0in\u00e9 kr\u00e1tkodob\u00e9 kontakty Ign\u00e1ca s\u00a0chudobn\u00fdmi po\u010das putovania \u2013 <em>Autobiografia<\/em> 57, 79, 95, at\u010f.<\/p>\n<p style=\"text-align: justify;\">Okrem tejto jednorazovej pomoci, Ign\u00e1c mal aj nieko\u013eko vz\u0165ahov dlhotrvaj\u00facej\u0161\u00edch. V\u00a0tomto pr\u00edpade i\u0161lo o\u00a0nepriamu pomoc, a\u00a0to formou pohn\u00fa\u0165 mnoh\u00e9 v\u00fdznamn\u00e9 osoby, ktor\u00e9 stretal, k\u00a0ekonomickej solidarite a\u00a0\u00fa\u010dinnej pomoci chudobn\u00fdm. Tie\u017e to bol jeho vplyv na verejn\u00e9 in\u0161tit\u00facie. Ign\u00e1c h\u013eadal mo\u017enosti ako zalo\u017ei\u0165 a\u00a0podpori\u0165 in\u0161tit\u00facie, aby chr\u00e1nili a\u00a0pom\u00e1hali \u013eu\u010fom na okraji spolo\u010dnosti a\u00a0chudobn\u00fdm, at\u010f.:<\/p>\n<p style=\"text-align: justify;\">\u201ePo\u010das pobytu v Alcale som sa zaoberal aj d\u00e1van\u00edm duchovn\u00fdch cvi\u010den\u00ed a vysvet\u013eovan\u00edm katechizmu; to prin\u00e1\u0161alo dobr\u00e9 ovocie na Bo\u017eiu sl\u00e1vu&#8230; Hne\u010f po pr\u00edchode do Alkaly som sa zozn\u00e1mil s Don Diegom de Gu\u00eda, ktor\u00fd b\u00fdval so svoj\u00edm bratom; tento jeho brat mal v Alcale tla\u010diare\u0148 a dos\u0165 v\u0161etk\u00e9ho, \u010do potreboval. T\u00edto mi pom\u00e1hali almu\u017enami, aby som mohol pom\u00e1ha\u0165 chudobn\u00fdm. Vo svojom dome dali tie\u017e pr\u00edstre\u0161ie mojim trom spolo\u010dn\u00edkom. Ke\u010f som raz pri\u0161iel prosi\u0165 almu\u017enu na ur\u010dit\u00e9 potrebn\u00e9 veci, Don Diego mi povedal, \u017ee nem\u00e1 peniaze. Otvoril v\u0161ak skri\u0148u, v ktorej mal rozli\u010dn\u00e9 veci a dal n\u00e1m r\u00f4znofarebn\u00e9 prikr\u00fdvky na poste\u013e, nejak\u00e9 svietniky a in\u00e9 podobn\u00e9 veci. Zavinul som si to v\u0161etko do prestieradla, prehodil cez plece a odi\u0161iel som pom\u00e1ha\u0165 chudobn\u00fdm.\u201c (<em>Autobiografia <\/em>57)<\/p>\n<p style=\"text-align: justify;\">\u201ePre chudobn\u00fdch som vymohol, \u017ee sa vydalo nariadenie, aby dost\u00e1vali pravidelne pomoc z verejn\u00fdch fondov.\u201c (<em>Autobiografia <\/em>89)<\/p>\n<p style=\"text-align: justify;\">\u201ePo n\u00e1vrate do R\u00edma som sa zamestn\u00e1val t\u00fdm, \u017ee som pom\u00e1hal du\u0161iam&#8230; V R\u00edme sme so spolo\u010dn\u00edkmi zalo\u017eili niektor\u00e9 n\u00e1bo\u017en\u00e9 diela ako s\u00fa \u00fatulok pre katechumenov, \u00fatulok sv. Marty, dom pre siroty at\u010f.\u201c (<em>Autobiografia <\/em>98)<\/p>\n<p style=\"text-align: justify;\">Konanie, \u010di skutky Ign\u00e1ca, zroden\u00e9 z\u00a0ve\u013ekej citlivosti a\u00a0empatie, sp\u00e1jaj\u00fa dve l\u00ednie z\u00e1v\u00e4zkov, ktor\u00e9 s\u00fa v\u00a0skuto\u010dnosti v\u017edy nenahradite\u013en\u00e9: na jednej strane solid\u00e1rne konanie od \u201eteba k\u00a0druh\u00e9mu\u201c, pomoc r\u00fdchla a\u00a0bezprostredn\u00e1. Mohli by sme poveda\u0165 rie\u0161enie v\u00a0tiesni. Na druhej strane sa Ign\u00e1c neobmedzuje iba na t\u00fato formu, ale h\u013ead\u00e1 cesty pomoci chudobn\u00fdm, cesty cez ofici\u00e1lne \u0161trukt\u00fary, ktor\u00e9 viac dosiahnu a\u00a0s\u00fa viac ur\u010duj\u00face. Ako je to uveden\u00e9 na konci jeho <em>Autobiografie<\/em> \u2013 \u201eaby \u013eudia dost\u00e1vali pravidelne pomoc\u201c a\u00a0tie\u017e zalo\u017een\u00edm \u00fatulkov a\u00a0charitat\u00edvnych diel.<\/p>\n<p style=\"text-align: justify;\">\n<p style=\"text-align: right;\">(<em>Tradici\u00f3n ignaciana y solidaridad con los pobres<\/em>, s. 22)<\/p>\n<p style=\"text-align: justify;\">\n","protected":false},"excerpt":{"rendered":"<p>Sv. Ign\u00e1c a \u00fa\u010dinn\u00e1 solidarita Kontakt Ign\u00e1ca s\u00a0chudobn\u00fdmi m\u00e1 pe\u010da\u0165 charizmy, ktor\u00e1 zv\u00fdraz\u0148uje jeho duchovn\u00fa cestu od vrcholn\u00e9ho momentu pri rieke Cardoner: \u201epom\u00e1ha\u0165\u201c. Toti\u017e, p\u00fatnik Ign\u00e1c h\u013ead\u00e1 v\u017edy efekt\u00edvnos\u0165, bez toho, aby sa obmedzil na vn\u00fatorn\u00e9 pocity alebo na podnety in\u0161pirovan\u00e9 iba k\u00a0niektor\u00fdm. Zo za\u010diatku jeho konanie m\u00f4\u017ee by\u0165 vn\u00edman\u00e9 ve\u013emi jednoduch\u00fdm sp\u00f4sobom, preto\u017ee s\u00a0mnoh\u00fdmi&hellip;&nbsp;<a href=\"https:\/\/ignacianskaspiritualita.sk\/index.php\/2011\/01\/sv-ignac-a-ucinna-solidarita\/\" rel=\"bookmark\">\u010c\u00edta\u0165 viac &raquo;<span class=\"screen-reader-text\">Sv. Ign\u00e1c a \u00fa\u010dinn\u00e1 solidarita<\/span><\/a><\/p>\n","protected":false},"author":2,"featured_media":0,"comment_status":"closed","ping_status":"closed","sticky":false,"template":"","format":"standard","meta":{"neve_meta_sidebar":"","neve_meta_container":"","neve_meta_enable_content_width":"","neve_meta_content_width":0,"neve_meta_title_alignment":"","neve_meta_author_avatar":"","neve_post_elements_order":"","neve_meta_disable_header":"","neve_meta_disable_footer":"","neve_meta_disable_title":"","_ti_tpc_template_sync":false,"_ti_tpc_template_id":""},"categories":[16],"tags":[185,173,118,132,141],"_links":{"self":[{"href":"https:\/\/ignacianskaspiritualita.sk\/index.php\/wp-json\/wp\/v2\/posts\/990"}],"collection":[{"href":"https:\/\/ignacianskaspiritualita.sk\/index.php\/wp-json\/wp\/v2\/posts"}],"about":[{"href":"https:\/\/ignacianskaspiritualita.sk\/index.php\/wp-json\/wp\/v2\/types\/post"}],"author":[{"embeddable":true,"href":"https:\/\/ignacianskaspiritualita.sk\/index.php\/wp-json\/wp\/v2\/users\/2"}],"replies":[{"embeddable":true,"href":"https:\/\/ignacianskaspiritualita.sk\/index.php\/wp-json\/wp\/v2\/comments?post=990"}],"version-history":[{"count":0,"href":"https:\/\/ignacianskaspiritualita.sk\/index.php\/wp-json\/wp\/v2\/posts\/990\/revisions"}],"wp:attachment":[{"href":"https:\/\/ignacianskaspiritualita.sk\/index.php\/wp-json\/wp\/v2\/media?parent=990"}],"wp:term":[{"taxonomy":"category","embeddable":true,"href":"https:\/\/ignacianskaspiritualita.sk\/index.php\/wp-json\/wp\/v2\/categories?post=990"},{"taxonomy":"post_tag","embeddable":true,"href":"https:\/\/ignacianskaspiritualita.sk\/index.php\/wp-json\/wp\/v2\/tags?post=990"}],"curies":[{"name":"wp","href":"https:\/\/api.w.org\/{rel}","templated":true}]}}