{"id":976,"date":"2010-12-24T18:23:13","date_gmt":"2010-12-24T17:23:13","guid":{"rendered":"http:\/\/ignacianskaspiritualita.sk\/?p=976"},"modified":"2010-12-24T18:23:13","modified_gmt":"2010-12-24T17:23:13","slug":"dieta-narodene-pre-nase-dobro-sv-jan-z-avily","status":"publish","type":"post","link":"https:\/\/ignacianskaspiritualita.sk\/index.php\/2010\/12\/dieta-narodene-pre-nase-dobro-sv-jan-z-avily\/","title":{"rendered":"Die\u0165a naroden\u00e9 pre na\u0161e dobro (sv. J\u00e1n z Avily)"},"content":{"rendered":"<p style=\"text-align: center;\"><strong>\u201eDie\u0165a naroden\u00e9 pre na\u0161e dobro\u201c (sv. J\u00e1n z\u00a0Avily)<\/strong><\/p>\n<p style=\"text-align: justify;\">\u201e<strong>Narodenie Je\u017ei\u0161a Krista &#8211;<\/strong> V\u00a0t\u00fdch d\u0148och vy\u0161iel rozkaz od cis\u00e1ra Augusta vykona\u0165 s\u00fapis \u013eudu po celom svete. Tento prv\u00fd s\u00fapis sa konal, ke\u010f S\u00fdriu spravoval Kvir\u00ednius. A\u00a0v\u0161etci \u0161li da\u0165 sa zap\u00edsa\u0165, ka\u017ed\u00fd do svojho mesta. Vybral sa aj Jozef z\u00a0galilejsk\u00e9ho mesta Nazaret do Judey, do D\u00e1vidovho mesta, ktor\u00e9 sa vol\u00e1 Betlehem lebo poch\u00e1dzal z\u00a0D\u00e1vidovho domu a\u00a0rodu, aby sa dal zap\u00edsa\u0165 s\u00a0M\u00e1riou, svojou man\u017eelkou, ktor\u00e1 bola v\u00a0po \u017eehnanom stave. K\u00fdm tam boli, nadi\u0161iel jej \u010das p\u00f4rodu. I\u00a0porodila svojho prvoroden\u00e9ho syna, zavinula ho do plienok a<!--more--> ulo\u017eila do jasie\u013e, lebo pre nich nebolo miesta v\u00a0hostinci. V\u00a0tom istom kraji boli pastieri, ktor\u00ed v\u00a0noci bdeli a\u00a0str\u00e1\u017eili svoje st\u00e1do.\u201c (Lk 2, 1-8)<\/p>\n<p style=\"text-align: justify;\"><strong>Pr\u00edprava na modlitbu<\/strong><\/p>\n<p style=\"text-align: justify;\">a)\u00a0\u00a0\u00a0\u00a0\u00a0 Uvedomi\u0165 si Bo\u017eiu pr\u00edtomnos\u0165 a\u00a0zvy\u010dajn\u00e1 pr\u00edpravn\u00e1 modlitba (DC 46)<\/p>\n<p style=\"text-align: justify;\">b)\u00a0\u00a0\u00a0\u00a0\u00a0 Predstavenie miesta \u2013 predstavi\u0165 si cestu z\u00a0Nazareta do Betlehema.<\/p>\n<p style=\"text-align: justify;\">c)\u00a0\u00a0\u00a0\u00a0\u00a0 Prosba o\u00a0vn\u00fatorn\u00e9 poznanie P\u00e1na, ktor\u00fd sa pre m\u0148a sa \u010dlovekom, aby som ho viac miloval a\u00a0viac nasledoval. (sv. Ign\u00e1c z\u00a0Loyoly)<\/p>\n<p style=\"text-align: justify;\"><strong>Kontempl\u00e1cia udalosti<\/strong><\/p>\n<p style=\"text-align: justify;\">Medit\u00e1cia sa rob\u00ed ako kontempl\u00e1cia. Ako kontemplujeme krajinu, alebo hviezdnat\u00fa noc, t\u00fdm ist\u00fdm sp\u00f4sobom, v\u00a0tejto medit\u00e1cii kontemplujeme r\u00f4zne postavy, to \u010do robia, to \u010do hovoria a\u00a0sprev\u00e1dzame ich v\u00a0ich hist\u00f3rii. Preto je d\u00f4le\u017eit\u00e9, pre\u010d\u00edta\u0165 si najprv Evanjelium a\u00a0opakova\u0165 ho so v\u0161etk\u00fdmi detailmi, ktor\u00e9 m\u00e1. (DC 111-116)<\/p>\n<p style=\"text-align: justify;\">1)\u00a0\u00a0\u00a0\u00a0\u00a0 Najprv je d\u00f4le\u017eit\u00e9 predstavi\u0165 si sv\u00e4t\u00e9ho Jozefa a\u00a0Pannu M\u00e1riu v\u00a0Nazarete, prich\u00e1dza nariadenie od cis\u00e1ra Augusta, aby sa ka\u017ed\u00fd jeden prihl\u00e1sil na mieste odkia\u013e poch\u00e1dza jeho rodina. Pre Jozefa a\u00a0M\u00e1riu toto nariadenie je \u0161peci\u00e1lne n\u00e1ro\u010dn\u00e9, \u0165a\u017ek\u00e9 a\u00a0dos\u0165 nevhodn\u00e9, preto\u017ee M\u00e1ria je bl\u00edzko pred p\u00f4rodom a\u00a0cesta, v\u00a0t\u00fdchto podmienkach, je nesmierne \u0165a\u017ek\u00e1. Predsa v\u0161ak sa obidvaja pripravuj\u00fa na to, aby posl\u00fachli nariadenie cis\u00e1ra. Rozhodn\u00fa sa, \u017ee M\u00e1ria bude sprev\u00e1dza\u0165 Jozefa a\u00a0pripravia v\u0161etky veci na cestu.<\/p>\n<p style=\"text-align: justify;\">2)\u00a0\u00a0\u00a0\u00a0\u00a0 Pustia sa na cestu, nieko\u013eko dn\u00ed z\u00a0Nazareta do Betlehema, celkom v\u00a0zime a\u00a0s\u00a0M\u00e1riou pred p\u00f4rodom. M\u00f4\u017eeme si predstavi\u0165 ako M\u00e1ria uskuto\u010d\u0148ovala v\u00a0tomto po\u017eehnanom stave t\u00fato cestu. So v\u0161etkou predstavivos\u0165ou m\u00f4\u017eeme ich sprev\u00e1dza\u0165 vo v\u0161etk\u00fdch situ\u00e1ci\u00e1ch, ktor\u00e9 pre\u017eili po\u010das tejto nieko\u013ekod\u0148ovej cesty.<\/p>\n<p style=\"text-align: justify;\">3)\u00a0\u00a0\u00a0\u00a0\u00a0 Prich\u00e1dzaj\u00fa do Betlehema, ale nenach\u00e1dzaj\u00fa \u017eiadne ubytovanie, kde by sa mohli prich\u00fdli\u0165. Nikto im ned\u00e1va pr\u00edstre\u0161ok, \u017eiadne ubytovanie. Musia sa \u00eds\u0165 ukry\u0165 do jaskyne, v\u00a0bl\u00edzkosti dediny, ktor\u00e1 mimochodom sl\u00fa\u017eila ako ma\u0161ta\u013e, \u010di staj\u0148a pre zvierat\u00e1. Prec\u00edti\u0165 v\u00a0srdci ka\u017ed\u00fd jeden okamih, ktor\u00e9mu sa podrobili sv\u00e4t\u00fd Jozef a\u00a0M\u00e1ria a\u00a0pon\u00ed\u017eenie, ktor\u00e9 symbolizovalo toto ubytovanie v\u00a0ma\u0161tali.<\/p>\n<p style=\"text-align: justify;\">4)\u00a0\u00a0\u00a0\u00a0\u00a0 Na tomto mieste sa narod\u00ed Je\u017ei\u0161. Pozera\u0165 o\u010dami do jaskyne; na zvierat\u00e1, ktor\u00e9 s\u00fa tam; na podlahu, ktor\u00e1 je pln\u00e1 trusu a\u00a0hnoja a\u00a0blata. Na tomto mieste sa narodil n\u00e1\u0161 Spasite\u013e Je\u017ei\u0161 Kristus. Pozera\u0165 na novonaroden\u00e9 Die\u0165a. Kla\u0148a\u0165 sa mu ako svojmu Bohu, adorova\u0165 ho ako svojho P\u00e1na. M\u00f4\u017eem sa za\u010dudova\u0165, ak\u00fdm sp\u00f4sobom Boh prich\u00e1dza na svet. Premietnu\u0165 si pomoc kontempl\u00e1cie t\u00fato sc\u00e9nu a\u00a0vlo\u017ei\u0165 ju do modlitby.<\/p>\n<p style=\"text-align: justify;\"><strong>Rozhovor:<\/strong> Prosi\u0165 Pannu M\u00e1riu a\u00a0sv\u00e4t\u00e9ho Jozefa, aby som sa nau\u010dil tieto lekcie, ktor\u00e9 mi uk\u00e1zal, \u010di dal Spasite\u013e. Cel\u00fa kontempl\u00e1ciu zakon\u010di\u0165 s\u00a0modlitbou Ot\u010de n\u00e1\u0161.<\/p>\n<p style=\"text-align: justify;\">(spracovan\u00e9 pod\u013ea Hernando Silva SJ, <em>Ejercicios espirituales en la vida corriente)<\/em><\/p>\n","protected":false},"excerpt":{"rendered":"<p>\u201eDie\u0165a naroden\u00e9 pre na\u0161e dobro\u201c (sv. J\u00e1n z\u00a0Avily) \u201eNarodenie Je\u017ei\u0161a Krista &#8211; V\u00a0t\u00fdch d\u0148och vy\u0161iel rozkaz od cis\u00e1ra Augusta vykona\u0165 s\u00fapis \u013eudu po celom svete. Tento prv\u00fd s\u00fapis sa konal, ke\u010f S\u00fdriu spravoval Kvir\u00ednius. A\u00a0v\u0161etci \u0161li da\u0165 sa zap\u00edsa\u0165, ka\u017ed\u00fd do svojho mesta. Vybral sa aj Jozef z\u00a0galilejsk\u00e9ho mesta Nazaret do Judey, do D\u00e1vidovho mesta,&hellip;&nbsp;<a href=\"https:\/\/ignacianskaspiritualita.sk\/index.php\/2010\/12\/dieta-narodene-pre-nase-dobro-sv-jan-z-avily\/\" rel=\"bookmark\">\u010c\u00edta\u0165 viac &raquo;<span class=\"screen-reader-text\">Die\u0165a naroden\u00e9 pre na\u0161e dobro (sv. J\u00e1n z Avily)<\/span><\/a><\/p>\n","protected":false},"author":2,"featured_media":0,"comment_status":"closed","ping_status":"closed","sticky":false,"template":"","format":"standard","meta":{"neve_meta_sidebar":"","neve_meta_container":"","neve_meta_enable_content_width":"","neve_meta_content_width":0,"neve_meta_title_alignment":"","neve_meta_author_avatar":"","neve_post_elements_order":"","neve_meta_disable_header":"","neve_meta_disable_footer":"","neve_meta_disable_title":"","_ti_tpc_template_sync":false,"_ti_tpc_template_id":""},"categories":[30],"tags":[72,81,97,105],"_links":{"self":[{"href":"https:\/\/ignacianskaspiritualita.sk\/index.php\/wp-json\/wp\/v2\/posts\/976"}],"collection":[{"href":"https:\/\/ignacianskaspiritualita.sk\/index.php\/wp-json\/wp\/v2\/posts"}],"about":[{"href":"https:\/\/ignacianskaspiritualita.sk\/index.php\/wp-json\/wp\/v2\/types\/post"}],"author":[{"embeddable":true,"href":"https:\/\/ignacianskaspiritualita.sk\/index.php\/wp-json\/wp\/v2\/users\/2"}],"replies":[{"embeddable":true,"href":"https:\/\/ignacianskaspiritualita.sk\/index.php\/wp-json\/wp\/v2\/comments?post=976"}],"version-history":[{"count":0,"href":"https:\/\/ignacianskaspiritualita.sk\/index.php\/wp-json\/wp\/v2\/posts\/976\/revisions"}],"wp:attachment":[{"href":"https:\/\/ignacianskaspiritualita.sk\/index.php\/wp-json\/wp\/v2\/media?parent=976"}],"wp:term":[{"taxonomy":"category","embeddable":true,"href":"https:\/\/ignacianskaspiritualita.sk\/index.php\/wp-json\/wp\/v2\/categories?post=976"},{"taxonomy":"post_tag","embeddable":true,"href":"https:\/\/ignacianskaspiritualita.sk\/index.php\/wp-json\/wp\/v2\/tags?post=976"}],"curies":[{"name":"wp","href":"https:\/\/api.w.org\/{rel}","templated":true}]}}