{"id":934,"date":"2010-11-12T18:59:24","date_gmt":"2010-11-12T18:59:24","guid":{"rendered":"http:\/\/ignacianskaspiritualita.sk\/?p=934"},"modified":"2010-11-12T18:59:24","modified_gmt":"2010-11-12T18:59:24","slug":"prehlbenie-chapania-chudoby-sv-ignaca-v-manrese","status":"publish","type":"post","link":"https:\/\/ignacianskaspiritualita.sk\/index.php\/2010\/11\/prehlbenie-chapania-chudoby-sv-ignaca-v-manrese\/","title":{"rendered":"Preh\u013abenie ch\u00e1pania  chudoby sv. Ign\u00e1ca v Manrese"},"content":{"rendered":"<p style=\"text-align: justify;\"><strong>Chudoba a\u00a0\u017eivot pok\u00e1nia v\u00a0Manrese<\/strong><\/p>\n<p style=\"text-align: justify;\">Sv. Ign\u00e1c zam\u00fd\u0161\u013eal osta\u0165 v\u00a0Manrese len \u201enieko\u013eko dn\u00ed\u201c. Jeho pobyt sa tam v\u0161ak pred\u013a\u017eil na 11 mesiacov od marca 1522 do febru\u00e1ra 1523. Na za\u010diatku v\u00a0Manrese <strong>na\u0161iel ubytovanie v\u00a0\u00fatulku chudobn\u00fdch<\/strong>, v\u00a0\u00fatulku sv. Lucie. Bol to \u00fatulok pre star\u00fdch a\u00a0chudobn\u00fdch v\u00a0predmest\u00ed za hradbami. (<em>Autobiografia<\/em> 18) Ako sv. Franti\u0161ek, odteraz <strong>Ign\u00e1c chcel by\u0165 \u201ev\u00a0dome\u201c s\u00a0chudobn\u00fdmi a\u00a0n\u00fadznymi<\/strong>,<!--more--> odk\u00e1zan\u00fdmi na pomoc od druh\u00fdch. V\u00a0protokole o\u00a0procese beatifik\u00e1cie nieko\u013ek\u00ed svedkovia hovoria, \u017ee Ign\u00e1c sa vr\u00e1til znovu do Montserratu a\u00a0pre\u017e\u00edval tam v\u00a0jaskyni \u010das svojho pok\u00e1nia a\u00a0ve\u013ek\u00e9ho odriekania. To znamen\u00e1 spojitos\u0165 medzi pok\u00e1n\u00edm a\u00a0chudobou. Ak je toto pravda, s\u00favislos\u0165 medzi pok\u00e1n\u00edm a\u00a0chudobou po\u010das tejto etapy jeho \u017eivota, zostane e\u0161te viac pod\u010diarknut\u00e1. V\u00a0Manrese m\u00f4\u017eeme rozl\u00ed\u0161i\u0165 nieko\u013eko et\u00e1p, ktor\u00e9 pre\u017eil sv. Ign\u00e1c:<\/p>\n<p style=\"text-align: justify;\">1)\u00a0\u00a0\u00a0\u00a0\u00a0 Na za\u010diatku, po\u010das \u0161tyroch mesiacov sa Ign\u00e1c neuspokojil s\u00a0\u010dinmi pok\u00e1nia, ktor\u00e9 konal. (<em>Autobiografia<\/em> 19)<\/p>\n<p style=\"text-align: justify;\">2)\u00a0\u00a0\u00a0\u00a0\u00a0 Pokra\u010duje obdobie, v\u00a0ktorom sa striedaj\u00fa \u00fatecha a\u00a0ne\u00fatecha, a\u00a0to a\u017e do poku\u0161enia sp\u00e1cha\u0165 samovra\u017edu. (<em>Autobiografia<\/em> 20-25)<\/p>\n<p style=\"text-align: justify;\">3)\u00a0\u00a0\u00a0\u00a0\u00a0 Nakoniec prich\u00e1dza \u010das ve\u013ek\u00fdch duchovn\u00fdch sk\u00fasenost\u00ed. (<em>Autobiografia<\/em> 27n)<\/p>\n<p style=\"text-align: justify;\">Pr\u00e1ve toto obdobie, tieto etapy s\u00fa z\u00e1sadn\u00e9 pre b\u00e1danie, \u010di sk\u00famanie chudoby v\u00a0\u017eivote sv. Ign\u00e1ca \u2013 ak\u00fa \u00falohu hr\u00e1 chudoba v\u00a0prv\u00fdch mesiacoch, o\u00a0ktor\u00fdch La\u00ednez hovor\u00ed, \u017ee Ign\u00e1c vtedy \u201etakmer ni\u010d nerozumel z\u00a0Bo\u017e\u00edch vec\u00ed\u201c. Svedectvo La\u00edneza potvrdzuje aj s\u00e1m sv. Ign\u00e1c: \u201enemal som e\u0161te nijak\u00e9 poznanie vn\u00fatorn\u00e9ho duchovn\u00e9ho \u017eivota.\u201c (<em>Autobiografia<\/em> 20)<\/p>\n<p style=\"text-align: justify;\"><strong>Opis jeho praxe chudoby, ktor\u00fa praktizoval v\u00a0tomto \u010dase, zodpoved\u00e1 z\u00a0ve\u013ekej \u010dasti opisu jeho praxe pok\u00e1nia<\/strong>: \u201eV Manrese som ka\u017ed\u00fd de\u0148 <strong>prosil o almu\u017enu<\/strong>. <strong>Nejedol som m\u00e4so a nepil v\u00edno, i ke\u010f mi d\u00e1vali.<\/strong> V nede\u013eu som sa v\u0161ak nepostil a ke\u010f mi pon\u00fakli trocha v\u00edna, tak som ho vypil. Ke\u010f\u017ee som si predt\u00fdm ve\u013emi starostlivo pestoval vlasy, ako to bolo zvykom v tej dobe a mal som ich pekne urasten\u00e9, rozhodol som sa, \u017ee si ich nech\u00e1m len tak prirodzene r\u00e1s\u0165 bez \u010desania a strihania a \u017ee si ich nebudem ni\u010d\u00edm pokr\u00fdva\u0165 ani v noci, ani cez de\u0148. Pre ten ist\u00fd d\u00f4vod som si nechal r\u00e1s\u0165 aj nechty na ruk\u00e1ch a na noh\u00e1ch, lebo predt\u00fdm som o ne ve\u013emi dbal.\u201c (<em>Autobiografia<\/em> 19)<\/p>\n<p style=\"text-align: justify;\"><strong>Pokra\u010doval v\u00a0nosen\u00ed oble\u010denia, ktor\u00e9 nosili t\u00ed, ktor\u00ed robia pok\u00e1nie,<\/strong> za \u010do si vysl\u00fa\u017eil ve\u013ea posmechu od chlapcov z\u00a0ulice. Bola to v\u0161ak jeho t\u00fa\u017eba, aby zak\u00fasil aj v\u00fdsmech, pon\u00ed\u017eenie a\u00a0potupu ako Je\u017ei\u0161, \u010do ho dos\u0165 uspokojilo. Tak sa rozpr\u00e1va o\u00a0\u0148om, \u017ee ke\u010f \u017eobral na ulici, ktosi be\u017eal za n\u00edm, akoby jeho \u201ekonkurencia\u201c a\u00a0napodob\u0148oval v\u0161etky jeho gest\u00e1. <strong>Jeho chudobn\u00e9 ubytovanie a\u00a0tvrd\u00e9 l\u00f4\u017eko s\u00fa, v\u00a0tom \u010dase, znakom jeho l\u00e1sky, tak k\u00a0pok\u00e1niu ako aj k\u00a0chudobe. Netreba zabudn\u00fa\u0165 na slu\u017ebu chudobn\u00fdm, ktor\u00e1 bola vyjadren\u00edm jeho l\u00e1sky k\u00a0chudobe.<\/strong> O\u00a0tomto sa ni\u010d nep\u00ed\u0161e v\u00a0<em>Autobiografii<\/em> v\u00a0obdob\u00ed Manresy. Av\u0161ak v\u00a0procese beatifik\u00e1cie, cel\u00fd rad svedkov d\u00e1vaj\u00fa <strong>svedectvo o\u00a0jeho charitat\u00edvnych aktivit\u00e1ch a\u00a0v\u00fdnimo\u010dnej l\u00e1ske<\/strong> Ign\u00e1ca, ktor\u00fa mal vo\u010di bl\u00ed\u017enym. \u0160peci\u00e1lne sa spom\u00ednaj\u00fa <strong>svedectv\u00e1 z\u00a0\u00fatulku,<\/strong> z\u00a0nemocnice sv. Lucie, v\u00a0ktorom <strong>Ign\u00e1c vykon\u00e1val cel\u00fd rad slu\u017eieb chudobn\u00fdm.<\/strong> Okrem toho je dosved\u010den\u00e9, \u017ee <strong>\u017eiadal almu\u017enu z\u00a0dver\u00ed do dver\u00ed s\u00a0ve\u013ekou pokorou, nie iba pre seba sam\u00e9ho, ale tie\u017e pre in\u00fdch chudobn\u00fdch.<\/strong> Aj tu je jasne vidie\u0165 ako na\u0148ho vpl\u00fdvali \u017eivotopisy sv\u00e4t\u00fdch, najm\u00e4 \u017eivot sv. Franti\u0161ka. Prv\u00e9 mesiace v\u00a0Manrese s\u00fa teda celkom v\u00a0rozvoji toho, \u010do sa Ign\u00e1c u\u017e rozhodol kona\u0165 v\u00a0Loyole a\u00a0\u010do za\u010dal kona\u0165 v\u00a0Montserrate \u2013 napodob\u0148ovanie sv\u00e4t\u00fdch vo ve\u013ek\u00fdch veciach.<\/p>\n<p style=\"text-align: justify;\"><strong>Ve\u013ek\u00fd v\u00fdznam pre pochopenie chudoby v\u00a0Manrese mali tie\u017e mystick\u00e9 z\u00e1\u017eitky<\/strong>, ktor\u00e9 mu Boh udelil. (<em>Autobiografia<\/em> 28-31) V\u00fdsledky s\u00fa zazna\u010den\u00e9 najm\u00e4 v\u00a0Duchovn\u00fdch cvi\u010deniach a\u00a0v\u00a0jeho \u017eivote. <strong>Ign\u00e1c za\u010dal meditova\u0165 \u017eivot Krista<\/strong>, ku ktor\u00e9mu mal ve\u013ek\u00fa \u00factu a\u00a0\u017eelanie napodob\u0148ova\u0165 ho. To rozhodne nov\u00e9, je nov\u00fd rys, nov\u00e1 l\u00ednia v\u00a0jeho obraze Krista. Ide o\u00a0obraz Krista v\u00a0dvoch centr\u00e1lnych kontempl\u00e1ci\u00e1ch <em>Duchovn\u00fdch cvi\u010den\u00ed<\/em>: \u201eVolanie Kr\u00e1\u013ea\u201c a\u00a0\u201eO\u00a0dvoch z\u00e1stav\u00e1ch\u201c. (o chudobe v\u00a0<em>Duchovn\u00fdch cvi\u010deniach<\/em> viac v\u00a0neskor\u0161\u00edch pr\u00edspevkoch)<\/p>\n<p style=\"text-align: justify;\">(spravovan\u00e9 pod\u013ea G\u00fcnter Switek: <em>\u201ePraedicare en paupertate\u201c<\/em>. Estudios sobre el concepto de pobreza segun Ignacio de Loyola, s.42-46)<\/p>\n<p style=\"text-align: justify;\">\n","protected":false},"excerpt":{"rendered":"<p>Chudoba a\u00a0\u017eivot pok\u00e1nia v\u00a0Manrese Sv. Ign\u00e1c zam\u00fd\u0161\u013eal osta\u0165 v\u00a0Manrese len \u201enieko\u013eko dn\u00ed\u201c. Jeho pobyt sa tam v\u0161ak pred\u013a\u017eil na 11 mesiacov od marca 1522 do febru\u00e1ra 1523. Na za\u010diatku v\u00a0Manrese na\u0161iel ubytovanie v\u00a0\u00fatulku chudobn\u00fdch, v\u00a0\u00fatulku sv. Lucie. Bol to \u00fatulok pre star\u00fdch a\u00a0chudobn\u00fdch v\u00a0predmest\u00ed za hradbami. (Autobiografia 18) Ako sv. Franti\u0161ek, odteraz Ign\u00e1c chcel by\u0165&hellip;&nbsp;<a href=\"https:\/\/ignacianskaspiritualita.sk\/index.php\/2010\/11\/prehlbenie-chapania-chudoby-sv-ignaca-v-manrese\/\" rel=\"bookmark\">\u010c\u00edta\u0165 viac &raquo;<span class=\"screen-reader-text\">Preh\u013abenie ch\u00e1pania  chudoby sv. Ign\u00e1ca v Manrese<\/span><\/a><\/p>\n","protected":false},"author":2,"featured_media":0,"comment_status":"closed","ping_status":"closed","sticky":false,"template":"","format":"standard","meta":{"neve_meta_sidebar":"","neve_meta_container":"","neve_meta_enable_content_width":"","neve_meta_content_width":0,"neve_meta_title_alignment":"","neve_meta_author_avatar":"","neve_post_elements_order":"","neve_meta_disable_header":"","neve_meta_disable_footer":"","neve_meta_disable_title":"","_ti_tpc_template_sync":false,"_ti_tpc_template_id":""},"categories":[16],"tags":[173,72,73,132,141],"_links":{"self":[{"href":"https:\/\/ignacianskaspiritualita.sk\/index.php\/wp-json\/wp\/v2\/posts\/934"}],"collection":[{"href":"https:\/\/ignacianskaspiritualita.sk\/index.php\/wp-json\/wp\/v2\/posts"}],"about":[{"href":"https:\/\/ignacianskaspiritualita.sk\/index.php\/wp-json\/wp\/v2\/types\/post"}],"author":[{"embeddable":true,"href":"https:\/\/ignacianskaspiritualita.sk\/index.php\/wp-json\/wp\/v2\/users\/2"}],"replies":[{"embeddable":true,"href":"https:\/\/ignacianskaspiritualita.sk\/index.php\/wp-json\/wp\/v2\/comments?post=934"}],"version-history":[{"count":0,"href":"https:\/\/ignacianskaspiritualita.sk\/index.php\/wp-json\/wp\/v2\/posts\/934\/revisions"}],"wp:attachment":[{"href":"https:\/\/ignacianskaspiritualita.sk\/index.php\/wp-json\/wp\/v2\/media?parent=934"}],"wp:term":[{"taxonomy":"category","embeddable":true,"href":"https:\/\/ignacianskaspiritualita.sk\/index.php\/wp-json\/wp\/v2\/categories?post=934"},{"taxonomy":"post_tag","embeddable":true,"href":"https:\/\/ignacianskaspiritualita.sk\/index.php\/wp-json\/wp\/v2\/tags?post=934"}],"curies":[{"name":"wp","href":"https:\/\/api.w.org\/{rel}","templated":true}]}}