{"id":903,"date":"2010-10-21T20:39:47","date_gmt":"2010-10-21T20:39:47","guid":{"rendered":"http:\/\/ignacianskaspiritualita.sk\/?p=903"},"modified":"2016-05-05T16:08:12","modified_gmt":"2016-05-05T16:08:12","slug":"sv-ignac-a-cistota-tela","status":"publish","type":"post","link":"https:\/\/ignacianskaspiritualita.sk\/index.php\/2010\/10\/sv-ignac-a-cistota-tela\/","title":{"rendered":"Sv. Ign\u00e1c a \u010distota tela"},"content":{"rendered":"<p style=\"text-align: justify;\"><strong>Videnie obrazu Panny M\u00e1rie s Je\u017ei\u0161om<\/strong><\/p>\n<p style=\"text-align: justify;\">Rozli\u010dn\u00e9 hnutia, ktor\u00e9 Ign\u00e1c v\u00a0\u010dase zotavovania skusoval, boli pre neho dobrou \u0161kolou. (<em>Autobiografia<\/em> 5-8) V\u00a0nej sa nau\u010dil umeniu rozozn\u00e1va\u0165 duchov. O\u00a0tejto sk\u00fasenosti Ign\u00e1c potom hovor\u00ed v\u00a0Duchovn\u00fdch cvi\u010deniach, konkr\u00e9tne v\u00a0pravidl\u00e1ch o\u00a0rozozn\u00e1van\u00ed duchov. Ign\u00e1c p\u00ed\u0161e: \u201eTakto som postupne za\u010dal rozpozn\u00e1va\u0165 r\u00f4znych duchov, ktor\u00ed mnou h\u00fdbali: ducha diablovho a\u00a0ducha Bo\u017eieho.&#8220;<!--more--> To ho podnietilo, aby za\u010dal v\u00e1\u017enej\u0161ie uva\u017eova\u0165 o\u00a0svojom minulom \u017eivote a\u00a0o\u00a0potrebe kona\u0165 za\u0148 pok\u00e1nie. V\u00a0srdci Ign\u00e1ca sa objavovali t\u00fa\u017eby nasledova\u0165 sv\u00e4t\u00fdch. (<em>Autobiografia <\/em>9)<\/p>\n<p style=\"text-align: justify;\">V\u00a0tomto \u010dase mal Ign\u00e1c videnie obrazu Panny M\u00e1rie s\u00a0Je\u017ei\u0161om: \u201eKe\u010f som sa raz v\u00a0noci zobudil, videl som celkom jasne obraz Panny M\u00e1rie s\u00a0Je\u017ei\u0161kom. Ke\u010f som sa dlh\u00fd \u010das na\u0148 d\u00edval, dostal som nesmierne ve\u013ek\u00fa \u00fatechu a\u00a0prenikla ma tak\u00e1 ve\u013ek\u00e1 o\u0161klivos\u0165 nad cel\u00fdm moj\u00edm minul\u00fdm \u017eivotom a\u00a0zvl\u00e1\u0161\u0165 nad telesne zmyseln\u00fdmi, \u017ee sa mi zdalo, ako keby sa mi zotreli z\u00a0du\u0161e v\u0161etky predstavy, ktor\u00e9 som mal prv do nej vtla\u010den\u00e9. Od tej hodiny a\u017e do augusta 1553, kedy sa pr\u00e1ve toto p\u00ed\u0161e, nikdy som ani najmen\u0161\u00edm s\u00fahlasom neprivolil k\u00a0telesn\u00fdm veciam.\u201c (<em>Autobiografia<\/em> 10)<\/p>\n<p style=\"text-align: justify;\">P\u00e1ter Manuel Ruiz Jurado p\u00ed\u0161e: Ign\u00e1cova du\u0161a uprostred tejto jedine\u010dnej kr\u00e1sy, tak jasn\u00e9ho obrazu Panny M\u00e1rie s\u00a0Je\u017ei\u0161kom sa c\u00edtila ako zasiahnut\u00e1 sv\u00e4tos\u0165ou a\u00a0\u010distotou. Tento obraz Panny M\u00e1riu mu vlial do du\u0161e ve\u013ek\u00fd odpor k\u00a0svojmu minul\u00e9mu \u017eivotu, \u0161peci\u00e1lne ku u\u00a0telesn\u00fdm hriechom, ktor\u00e9 sa rozpt\u00fdlili, akoby boli vygumovan\u00e9 \u0161pongiou. Vytratili sa v\u0161etky zmyseln\u00e9 obrazy.\u00a0 Ign\u00e1c s\u00e1m o\u00a0tom p\u00ed\u0161e: \u201ePod\u013ea tohto \u00fasudku mo\u017eno usudzova\u0165, \u017ee to bola Bo\u017eia vec.\u201c (<em>Autobiografia<\/em> 10) Podobn\u00fa sk\u00fasenos\u0165 u\u017e nikdy viac nemal. \u00da\u010dinok tejto udalosti nastal okam\u017eite. Ign\u00e1c v\u010faka tomuto videniu vst\u00fapil do novej atmosf\u00e9ry, ktor\u00fa predt\u00fdm nikdy nemal. P\u00ed\u0161e: \u201eM\u00f4j brat a\u00a0v\u0161etci ostatn\u00ed dom\u00e1ci pod\u013ea zov\u0148aj\u0161ka spozorovali premenu, ktor\u00e1 sa odohrala v\u00a0mojej du\u0161i.\u201c (<em>Autobiografia<\/em> 10)<\/p>\n<p style=\"text-align: justify;\">Tento moment stretnutia s\u00a0M\u00e1riou a\u00a0Je\u017ei\u0161kom povzbudil Ign\u00e1ca k\u00a0tomu, aby za\u010dal so svojimi najbli\u017e\u0161\u00edmi hovori\u0165 viac o\u00a0Bohu. Ign\u00e1c si od tohto \u010dase viac \u017eelal, aby svojich najbli\u017e\u0161\u00edch priviedol bli\u017e\u0161ie k\u00a0Bohu. Neskor\u0161ie sa rozhodol zapisova\u0165 si najpodstatnej\u0161ie veci o Kristovi a\u00a0sv\u00e4t\u00fdch, ktor\u00e9 \u010d\u00edtal. Slov\u00e1 n\u00e1\u0161ho P\u00e1na si zapisoval \u010derven\u00fdm p\u00edsmom a\u00a0slov\u00e1 Na\u0161ej Pani, ako hovoril, modr\u00fdm p\u00edsmom. Pod\u013ea rady prijatej od kartuzi\u00e1na, v\u00a0\u010dase, ke\u010f nep\u00edsal a\u00a0ne\u010d\u00edtal, meditoval. Predstavoval si sc\u00e9ny, ktor\u00e9 \u010d\u00edtal, vidiac osoby a\u00a0po\u010d\u00favaj\u00fac ich slov\u00e1, uva\u017euj\u00fac o\u00a0nich, aby z\u00a0nich vytiahol to najpodstatnej\u0161ie. Bohom sa za\u010dal zaobera\u0165 viac a\u00a0viac. Venoval mu \u010doraz viac \u010dasu. (<em>Autobiografia<\/em> 11) Ign\u00e1cove v\u00fdpisky mali 300 str\u00e1n. Po tejto udalosti za\u010dal Ign\u00e1c znovu \u010dastej\u0161ie uva\u017eova\u0165 o\u00a0ceste do Jeruzalemu. (<em>Autobiografia<\/em> 8, 12)<\/p>\n<p style=\"text-align: justify;\">(spracovan\u00e9 pod\u013ea Manuel Ruiz Jurado. <em>El peregrino de la voluntad de Dios<\/em>, s. 16-18)<\/p>\n","protected":false},"excerpt":{"rendered":"<p>Videnie obrazu Panny M\u00e1rie s Je\u017ei\u0161om Rozli\u010dn\u00e9 hnutia, ktor\u00e9 Ign\u00e1c v\u00a0\u010dase zotavovania skusoval, boli pre neho dobrou \u0161kolou. (Autobiografia 5-8) V\u00a0nej sa nau\u010dil umeniu rozozn\u00e1va\u0165 duchov. O\u00a0tejto sk\u00fasenosti Ign\u00e1c potom hovor\u00ed v\u00a0Duchovn\u00fdch cvi\u010deniach, konkr\u00e9tne v\u00a0pravidl\u00e1ch o\u00a0rozozn\u00e1van\u00ed duchov. Ign\u00e1c p\u00ed\u0161e: \u201eTakto som postupne za\u010dal rozpozn\u00e1va\u0165 r\u00f4znych duchov, ktor\u00ed mnou h\u00fdbali: ducha diablovho a\u00a0ducha Bo\u017eieho.&#8220;<\/p>\n","protected":false},"author":2,"featured_media":0,"comment_status":"closed","ping_status":"closed","sticky":false,"template":"","format":"standard","meta":{"neve_meta_sidebar":"","neve_meta_container":"","neve_meta_enable_content_width":"","neve_meta_content_width":0,"neve_meta_title_alignment":"","neve_meta_author_avatar":"","neve_post_elements_order":"","neve_meta_disable_header":"","neve_meta_disable_footer":"","neve_meta_disable_title":"","_ti_tpc_template_sync":false,"_ti_tpc_template_id":""},"categories":[58],"tags":[76,184],"_links":{"self":[{"href":"https:\/\/ignacianskaspiritualita.sk\/index.php\/wp-json\/wp\/v2\/posts\/903"}],"collection":[{"href":"https:\/\/ignacianskaspiritualita.sk\/index.php\/wp-json\/wp\/v2\/posts"}],"about":[{"href":"https:\/\/ignacianskaspiritualita.sk\/index.php\/wp-json\/wp\/v2\/types\/post"}],"author":[{"embeddable":true,"href":"https:\/\/ignacianskaspiritualita.sk\/index.php\/wp-json\/wp\/v2\/users\/2"}],"replies":[{"embeddable":true,"href":"https:\/\/ignacianskaspiritualita.sk\/index.php\/wp-json\/wp\/v2\/comments?post=903"}],"version-history":[{"count":1,"href":"https:\/\/ignacianskaspiritualita.sk\/index.php\/wp-json\/wp\/v2\/posts\/903\/revisions"}],"predecessor-version":[{"id":1680,"href":"https:\/\/ignacianskaspiritualita.sk\/index.php\/wp-json\/wp\/v2\/posts\/903\/revisions\/1680"}],"wp:attachment":[{"href":"https:\/\/ignacianskaspiritualita.sk\/index.php\/wp-json\/wp\/v2\/media?parent=903"}],"wp:term":[{"taxonomy":"category","embeddable":true,"href":"https:\/\/ignacianskaspiritualita.sk\/index.php\/wp-json\/wp\/v2\/categories?post=903"},{"taxonomy":"post_tag","embeddable":true,"href":"https:\/\/ignacianskaspiritualita.sk\/index.php\/wp-json\/wp\/v2\/tags?post=903"}],"curies":[{"name":"wp","href":"https:\/\/api.w.org\/{rel}","templated":true}]}}