{"id":857,"date":"2010-09-12T20:27:06","date_gmt":"2010-09-12T20:27:06","guid":{"rendered":"http:\/\/ignacianskaspiritualita.sk\/?p=857"},"modified":"2010-09-12T20:27:06","modified_gmt":"2010-09-12T20:27:06","slug":"velkodusnost-viac","status":"publish","type":"post","link":"https:\/\/ignacianskaspiritualita.sk\/index.php\/2010\/09\/velkodusnost-viac\/","title":{"rendered":"sv. Ign\u00e1c z Loyoly: Ve\u013ekodu\u0161nos\u0165 &#8211; viac"},"content":{"rendered":"<p style=\"text-align: justify;\">Ign\u00e1c na za\u010diatku svojej Autobiografie n\u00e1m zanechal iba nieko\u013eko kr\u00e1tkych slov o\u00a0svojej osobnosti. Jedno z\u00a0nich je, ke\u010f hovor\u00ed o\u00a0ve\u013ekej t\u00fa\u017ebe: \u201eDo dvadsiateho \u0161iesteho roku svojho veku som sa odd\u00e1val svetsk\u00fdm m\u00e1rnostiam a mojou najob\u013e\u00fabenej\u0161ou z\u00e1\u013eubou bolo cvi\u010denie so zbra\u0148ou s ve\u013ekou a m\u00e1rnivou t\u00fa\u017ebou z\u00edska\u0165 si \u010des\u0165.\u201c (<em>Autobiografia 1<\/em>) O\u00a0nie\u010do nesk\u00f4r Ign\u00e1c bude citova\u0165 ve\u013ekodu\u0161nos\u0165 ako postoj charakteristick\u00fd v\u00a0momentoch jeho obr\u00e1tenia: \u201eV tejto dobe sa mi vzbudzovali v srdci t\u00fa\u017eby<!--more--> nasledova\u0165 sv\u00e4t\u00fdch, pri\u010dom som neh\u013eadel na okolnosti, ale som si len s\u013euboval, \u017ee s Bo\u017eou milos\u0165ou urob\u00edm aj ja to, \u010do urobili oni. Najviac som v\u0161ak t\u00fa\u017eil po tom, aby som hne\u010f po uzdraven\u00ed mohol \u00eds\u0165 do Jeruzalema, ako som u\u017e spomenul a aby som mohol zachov\u00e1va\u0165 p\u00f4sty a robi\u0165 pok\u00e1nie, ak\u00e9 zvy\u010dajne vnuk\u00e1 \u0161\u013eachetn\u00e9 srdce, roznieten\u00e9 l\u00e1skou k Bohu.\u201c (<em>Autobiografia 9<\/em>)<\/p>\n<p style=\"text-align: justify;\">\u201eCestou sa mi prihodilo nie\u010do, \u010do bude dobre zaznamena\u0165, aby sa pochopilo, ako n\u00e1\u0161 P\u00e1n zaobch\u00e1dzal\u00ad s mojou e\u0161te slepou du\u0161ou, hoci prechov\u00e1vala ve\u013ek\u00e9 t\u00fa\u017eby sl\u00fa\u017ei\u0165 mu vo v\u0161etkom, \u010do sa jej podar\u00ed pochopi\u0165&#8230;. Namiesto toho moj\u00edm jedin\u00fdm z\u00e1merom bolo robi\u0165 tieto ve\u013ek\u00e9 vonkaj\u0161ie skutky, preto\u017ee ich sv\u00e4t\u00ed robili na Bo\u017eiu sl\u00e1vu&#8230;\u201c. (<em>Autobiografia 14<\/em>)<\/p>\n<p style=\"text-align: justify;\">O nieko\u013eko rokov neskor\u0161ie Ign\u00e1c nap\u00edsal svojmu synovcovi Bertr\u00e1novi z\u00a0Loyoly, aby nebol \u010dlovekom vulg\u00e1rnym, bez ide\u00e1lov \u010di in\u0161pir\u00e1ci\u00ed, ale aby bol \u010dlovekom ve\u013ekodu\u0161n\u00fdm vo v\u0161etkom a\u00a0so v\u0161etk\u00fdmi, v\u00a0\u017eivote, ale s\u00a0Bohom.<\/p>\n<p style=\"text-align: justify;\">T\u00fato vlastnos\u0165 si v\u0161\u00edmali na Ign\u00e1covi aj jeho spolupracovn\u00edci. Polanco nap\u00edsal o\u00a0Ign\u00e1covi: \u201eBol osobou tvrdou a\u00a0odv\u00e1\u017enou a e\u0161te viac, odhodlan\u00fd pusti\u0165 sa do ve\u013ek\u00fdch vec\u00ed&#8230;.s ve\u013ek\u00fdm duchom.\u201c Podobne o\u00a0Ign\u00e1covi hovor\u00ed aj Hieronym Nadal, ktor\u00fd ho tie\u017e ve\u013emi dobre poznal. Nap\u00edsal o\u00a0jeho temperamente: \u201ePred svoj\u00edm obr\u00e1ten\u00edm mal ducha ve\u013ek\u00fdch vec\u00ed&#8230;a bol ve\u013emi ambici\u00f3zny, mal ve\u013ek\u00e9 t\u00fa\u017eby po \u013eudskej sl\u00e1ve&#8230;mal ve\u013ek\u00e9ho ducha a\u00a0tie\u017e dobr\u00e9 prirodzen\u00e9 vlastnosti, ktor\u00e9 od neho po\u017eadovali ve\u013ek\u00e9 veci&#8230;bol ve\u013ekodu\u0161n\u00fd a \u0161tedr\u00fd&#8230;.\u201c<\/p>\n<p style=\"text-align: justify;\">P\u00e1ter \u00a0Hugo Rahner zhr\u0148uje t\u00fato jeho ve\u013ekodu\u0161nos\u0165 do k\u013e\u00fa\u010dov\u00e9ho slova \u2013 \u201eel m\u00e1s\u201c \u2013 slovo, ktor\u00e9 je najcharakteristickej\u0161ie pre spiritualitu sv. Ign\u00e1ca. U\u017e od jeho obr\u00e1tenia vybada\u0165 u Ign\u00e1ca \u017eelanie, h\u013eada\u0165 cestu, ktor\u00e1 by bola viac radik\u00e1lna a\u00a0n\u00e1ro\u010dn\u00e1 v\u00a0nasledovan\u00ed Je\u017ei\u0161a Krista. Nasledovanie, ktor\u00e9 v\u00a0prvej etape prebieha u neho, ide cez \u0165a\u017ek\u00e9 pok\u00e1nie, ako o\u00a0tom p\u00ed\u0161e: \u201eZaumienil som si robi\u0165 ve\u013ek\u00e9 kaj\u00facnosti. Ne\u0161lo mi ani tak o zados\u0165u\u010dinenie za svoje hriechy, ale sk\u00f4r o to, aby som urobil \u010dosi mil\u00e9 Bohu a aby som sa mu zap\u00e1\u010dil. Preto, ke\u010f som sa rozpam\u00e4tal na konanie nejakej kaj\u00facnosti, ak\u00fa vykon\u00e1vali sv\u00e4t\u00ed, zaumienil som si, \u017ee ju aj vykon\u00e1m, ba e\u0161te aj viac.\u201c (<em>Autobiografia 14<\/em>). T\u00fato skuto\u010dnos\u0165 Ign\u00e1c kladie aj do Duchovn\u00fdch cvi\u010den\u00ed, najm\u00e4 pri odpovedi na volanie Je\u017ei\u0161a: \u201eT\u00ed, ktor\u00ed bud\u00fa chcie\u0165 prejavi\u0165 v\u00e4\u010d\u0161iu oddanos\u0165 a viac sa vyznamena\u0165 v \u00faplnej slu\u017e\u00adbe svojho ve\u010dn\u00e9ho Kr\u00e1\u013ea a v\u0161eobecn\u00e9ho P\u00e1na, nielen\u017ee pon\u00faknu cel\u00fa svoju osobu na pr\u00e1ce, ale aj proti svojej vlastnej zmyselnosti a proti svojej l\u00e1ske k telu a k svetu urobia cennej\u0161ie a v\u00fdznamnej\u0161ie obetovanie hovoriac.\u201c (DC 97) Ign\u00e1c tu hovor\u00ed o\u00a0slu\u017ebe \u2013 vo v\u0161etkom sl\u00fa\u017ei\u0165 P\u00e1novi, viac sa vyznamena\u0165 v slu\u017ebe. T\u00e1to skuto\u010dnos\u0165 \u2013 ve\u013ekodu\u0161nos\u0165 spojen\u00fa s\u00a0\u201eviac\u201c\u00a0 &#8211; ovplyvnila cel\u00e9 univerz\u00e1lne poslanie Spolo\u010dnosti Je\u017ei\u0161ovej.<\/p>\n<p style=\"text-align: justify;\">(pokra\u010dovanie)<\/p>\n<p style=\"text-align: justify;\">(spracovan\u00e9 pod\u013ea Ignasi Salvat SJ: <em>Servir en misi\u00f3n universal<\/em>, s. 19-22)<\/p>\n","protected":false},"excerpt":{"rendered":"<p>Ign\u00e1c na za\u010diatku svojej Autobiografie n\u00e1m zanechal iba nieko\u013eko kr\u00e1tkych slov o\u00a0svojej osobnosti. Jedno z\u00a0nich je, ke\u010f hovor\u00ed o\u00a0ve\u013ekej t\u00fa\u017ebe: \u201eDo dvadsiateho \u0161iesteho roku svojho veku som sa odd\u00e1val svetsk\u00fdm m\u00e1rnostiam a mojou najob\u013e\u00fabenej\u0161ou z\u00e1\u013eubou bolo cvi\u010denie so zbra\u0148ou s ve\u013ekou a m\u00e1rnivou t\u00fa\u017ebou z\u00edska\u0165 si \u010des\u0165.\u201c (Autobiografia 1) O\u00a0nie\u010do nesk\u00f4r Ign\u00e1c bude citova\u0165 ve\u013ekodu\u0161nos\u0165&hellip;&nbsp;<a href=\"https:\/\/ignacianskaspiritualita.sk\/index.php\/2010\/09\/velkodusnost-viac\/\" rel=\"bookmark\">\u010c\u00edta\u0165 viac &raquo;<span class=\"screen-reader-text\">sv. Ign\u00e1c z Loyoly: Ve\u013ekodu\u0161nos\u0165 &#8211; viac<\/span><\/a><\/p>\n","protected":false},"author":2,"featured_media":0,"comment_status":"closed","ping_status":"closed","sticky":false,"template":"","format":"standard","meta":{"neve_meta_sidebar":"","neve_meta_container":"","neve_meta_enable_content_width":"","neve_meta_content_width":0,"neve_meta_title_alignment":"","neve_meta_author_avatar":"","neve_post_elements_order":"","neve_meta_disable_header":"","neve_meta_disable_footer":"","neve_meta_disable_title":"","_ti_tpc_template_sync":false,"_ti_tpc_template_id":""},"categories":[57],"tags":[185,122,141],"_links":{"self":[{"href":"https:\/\/ignacianskaspiritualita.sk\/index.php\/wp-json\/wp\/v2\/posts\/857"}],"collection":[{"href":"https:\/\/ignacianskaspiritualita.sk\/index.php\/wp-json\/wp\/v2\/posts"}],"about":[{"href":"https:\/\/ignacianskaspiritualita.sk\/index.php\/wp-json\/wp\/v2\/types\/post"}],"author":[{"embeddable":true,"href":"https:\/\/ignacianskaspiritualita.sk\/index.php\/wp-json\/wp\/v2\/users\/2"}],"replies":[{"embeddable":true,"href":"https:\/\/ignacianskaspiritualita.sk\/index.php\/wp-json\/wp\/v2\/comments?post=857"}],"version-history":[{"count":0,"href":"https:\/\/ignacianskaspiritualita.sk\/index.php\/wp-json\/wp\/v2\/posts\/857\/revisions"}],"wp:attachment":[{"href":"https:\/\/ignacianskaspiritualita.sk\/index.php\/wp-json\/wp\/v2\/media?parent=857"}],"wp:term":[{"taxonomy":"category","embeddable":true,"href":"https:\/\/ignacianskaspiritualita.sk\/index.php\/wp-json\/wp\/v2\/categories?post=857"},{"taxonomy":"post_tag","embeddable":true,"href":"https:\/\/ignacianskaspiritualita.sk\/index.php\/wp-json\/wp\/v2\/tags?post=857"}],"curies":[{"name":"wp","href":"https:\/\/api.w.org\/{rel}","templated":true}]}}