{"id":831,"date":"2010-08-22T14:38:22","date_gmt":"2010-08-22T14:38:22","guid":{"rendered":"http:\/\/ignacianskaspiritualita.sk\/?p=831"},"modified":"2010-08-22T14:38:22","modified_gmt":"2010-08-22T14:38:22","slug":"2-sv-ignac-a-svati","status":"publish","type":"post","link":"https:\/\/ignacianskaspiritualita.sk\/index.php\/2010\/08\/2-sv-ignac-a-svati\/","title":{"rendered":"2. Sv. Ign\u00e1c a sv\u00e4t\u00ed"},"content":{"rendered":"<p style=\"text-align: justify;\">Ign\u00e1cov vz\u0165ah k\u00a0Cirkvi naber\u00e1 nov\u00fa dimenziu v\u00a0\u010dase jeho obr\u00e1tenia, ktor\u00e9 sa za\u010d\u00edna v\u00a0otcovskom dome v\u00a0Loyole, prostredn\u00edctvom \u010d\u00edtan\u00ed <em>Vita Christi<\/em> a\u00a0<em>Flos sanctorum<\/em>, knihy o\u00a0\u017eivote sv\u00e4t\u00fdch v\u00a0\u013eudovej re\u010di. (<em>Autobiografia 5<\/em>) Ide o\u00a0zbierku najkraj\u0161\u00edch \u017eivotopisov sv\u00e4t\u00fdch od dominik\u00e1na Jakuba de Voragine. \u00davod pre \u0161panielsky preklad nap\u00edsal cisterci\u00e1n Vagad. V\u00a0\u00favode prirovn\u00e1va sv\u00e4t\u00fdch k\u00a0zoraden\u00fdm \u0161\u00edkom \u201eBo\u017e\u00edch rytierov\u201c, bojuj\u00facich za z\u00e1ujmy<!--more--> \u201eve\u010dn\u00e9ho knie\u017ea\u0165a Je\u017ei\u0161a Krista\u201c. Ign\u00e1c tak vstupuje do kontaktu s\u00a0\u013eu\u010fmi, ktor\u00ed mnoho storo\u010d\u00ed a\u00a0rozdielnym sp\u00f4sobom boli pr\u00edkladom pre cirkevn\u00fd \u017eivot.<\/p>\n<p style=\"text-align: justify;\">T\u00edto \u013eudia, t\u00edto sv\u00e4t\u00ed, t\u00edto \u201eBo\u017e\u00ed rytieri\u201c Ign\u00e1covi, prostredn\u00edctvom t\u00fdchto \u017eivotopisov, odovzd\u00e1vali enormne bohat\u00e9 mo\u017enosti ako \u017ei\u0165 naplno kres\u0165ansk\u00fd \u017eivot, omnoho v\u00e4\u010d\u0161ie ako sa dovtedy domnieval. V\u00a0mysli mal in\u00fd poh\u013ead na rytierstvo, av\u0161ak t\u00e1to nov\u00e1 forma \u201erytierstva\u201c mu otv\u00e1rala \u00faplne nov\u00fa dimenziu. Dovtedy jeho ide\u00e1ly a\u00a0jeho z\u00e1ujmy boli \u00faplne oddelen\u00e9 od kres\u0165anskej praxe. Ale formy sv\u00e4tosti \u017eit\u00e9 prostredn\u00edctvom t\u00fdchto \u013eud\u00ed boli tu ako \u017eiv\u00e9 skuto\u010dnosti, za\u010dali na Ign\u00e1ca p\u00f4sobi\u0165 a\u00a0zvn\u00fatra v\u00a0\u0148om vyvol\u00e1vali t\u00fa\u017ebu nasledova\u0165 ich pr\u00edklad. Ign\u00e1c zistil, \u017ee ide\u00e1ly, ktor\u00e9 mal a\u00a0konkr\u00e9tna forma kres\u0165ansk\u00e9ho \u017eivota sa daj\u00fa v\u00a0\u0148om zjednoti\u0165. Pr\u00e1ve tento vn\u00fatorn\u00fd proces, ktor\u00fd sa v\u00a0\u0148om za\u010dal odohr\u00e1va\u0165 ho op\u00e4\u0165 priviedol bli\u017e\u0161ie k\u00a0Cirkvi.<\/p>\n<p style=\"text-align: justify;\">V\u00a0Ign\u00e1covi sa zrodila v\u00a0\u010dase obr\u00e1tenia ve\u013ek\u00e1 \u00facta ku sv\u00e4t\u00fdm. Videl v\u00a0nich nov\u00e9 modely kres\u0165ansk\u00e9ho \u017eivota. Siln\u00e9 puto so sv\u00e4t\u00fdmi si vytv\u00e1ral aj t\u00fdm, \u017ee sa zam\u00fd\u0161\u013eal nad t\u00fdm, \u010do robili sv\u00e4t\u00ed a\u00a0ako to robili. Ign\u00e1c p\u00ed\u0161e: \u201ePri \u010d\u00edtan\u00ed \u017eivota n\u00e1\u0161ho P\u00e1na a\u00a0sv\u00e4t\u00fdch zvy\u010dajne som zastal a\u00a0zamyslel som sa, uva\u017euj\u00fac s\u00e1m so sebou: \u201e\u010co by sa stalo, keby som aj ja urobil to, \u010do urobil sv\u00e4t\u00fd Franti\u0161ek, alebo \u010do urobil sv\u00e4t\u00fd Dominik?&#8230;Vo svojich \u00favah\u00e1ch som si opakoval: \u201eSv\u00e4t\u00fd Dominik urobil toto, aj ja to mus\u00edm urobi\u0165. Sv\u00e4t\u00fd Franti\u0161ek zas toto, aj ja to mus\u00edm urobi\u0165?\u201c\u201c(<em>Autobiografia<\/em> 7)<\/p>\n<p style=\"text-align: justify;\">Ign\u00e1c po\u010das \u010d\u00edtan\u00ed t\u00fdchto \u017eivotopisov objavuje, \u017ee sv\u00e4t\u00ed s\u00fa v\u017edy spojen\u00ed s\u00a0Je\u017ei\u0161om. S\u00fa jeho rytiermi, poslan\u00fdmi, aby robili ve\u013ek\u00e9 hrdinsk\u00e9 \u010diny pre Je\u017ei\u0161a. A\u00a0z\u00e1rove\u0148 objavuje, \u017ee nesk\u00f4r ich s\u00e1m Je\u017ei\u0161 posiela, aby sa prihov\u00e1rali a\u00a0orodovali za neho pred N\u00edm. T\u00fato sk\u00fasenos\u0165, ktor\u00fa Ign\u00e1c pre\u017eil, zazna\u010dil aj do Duchovn\u00fdch cvi\u010den\u00ed: \u201eStoj\u00edm pred Bohom, na\u0161\u00edm P\u00e1nom, pred anjelmi a\u00a0sv\u00e4t\u00fdmi, ktor\u00ed za m\u0148a oroduj\u00fa.\u201c (DC 232)<\/p>\n<p style=\"text-align: justify;\">(pokra\u010dovanie)<\/p>\n","protected":false},"excerpt":{"rendered":"<p>Ign\u00e1cov vz\u0165ah k\u00a0Cirkvi naber\u00e1 nov\u00fa dimenziu v\u00a0\u010dase jeho obr\u00e1tenia, ktor\u00e9 sa za\u010d\u00edna v\u00a0otcovskom dome v\u00a0Loyole, prostredn\u00edctvom \u010d\u00edtan\u00ed Vita Christi a\u00a0Flos sanctorum, knihy o\u00a0\u017eivote sv\u00e4t\u00fdch v\u00a0\u013eudovej re\u010di. (Autobiografia 5) Ide o\u00a0zbierku najkraj\u0161\u00edch \u017eivotopisov sv\u00e4t\u00fdch od dominik\u00e1na Jakuba de Voragine. \u00davod pre \u0161panielsky preklad nap\u00edsal cisterci\u00e1n Vagad. V\u00a0\u00favode prirovn\u00e1va sv\u00e4t\u00fdch k\u00a0zoraden\u00fdm \u0161\u00edkom \u201eBo\u017e\u00edch rytierov\u201c, bojuj\u00facich za z\u00e1ujmy<\/p>\n","protected":false},"author":2,"featured_media":0,"comment_status":"closed","ping_status":"closed","sticky":false,"template":"","format":"standard","meta":{"neve_meta_sidebar":"","neve_meta_container":"","neve_meta_enable_content_width":"","neve_meta_content_width":0,"neve_meta_title_alignment":"","neve_meta_author_avatar":"","neve_post_elements_order":"","neve_meta_disable_header":"","neve_meta_disable_footer":"","neve_meta_disable_title":"","_ti_tpc_template_sync":false,"_ti_tpc_template_id":""},"categories":[4],"tags":[185,173,75],"_links":{"self":[{"href":"https:\/\/ignacianskaspiritualita.sk\/index.php\/wp-json\/wp\/v2\/posts\/831"}],"collection":[{"href":"https:\/\/ignacianskaspiritualita.sk\/index.php\/wp-json\/wp\/v2\/posts"}],"about":[{"href":"https:\/\/ignacianskaspiritualita.sk\/index.php\/wp-json\/wp\/v2\/types\/post"}],"author":[{"embeddable":true,"href":"https:\/\/ignacianskaspiritualita.sk\/index.php\/wp-json\/wp\/v2\/users\/2"}],"replies":[{"embeddable":true,"href":"https:\/\/ignacianskaspiritualita.sk\/index.php\/wp-json\/wp\/v2\/comments?post=831"}],"version-history":[{"count":0,"href":"https:\/\/ignacianskaspiritualita.sk\/index.php\/wp-json\/wp\/v2\/posts\/831\/revisions"}],"wp:attachment":[{"href":"https:\/\/ignacianskaspiritualita.sk\/index.php\/wp-json\/wp\/v2\/media?parent=831"}],"wp:term":[{"taxonomy":"category","embeddable":true,"href":"https:\/\/ignacianskaspiritualita.sk\/index.php\/wp-json\/wp\/v2\/categories?post=831"},{"taxonomy":"post_tag","embeddable":true,"href":"https:\/\/ignacianskaspiritualita.sk\/index.php\/wp-json\/wp\/v2\/tags?post=831"}],"curies":[{"name":"wp","href":"https:\/\/api.w.org\/{rel}","templated":true}]}}