{"id":776,"date":"2010-06-19T22:04:14","date_gmt":"2010-06-19T22:04:14","guid":{"rendered":"http:\/\/test.ignacianskaspiritualita.sk\/?p=776"},"modified":"2010-06-19T22:04:14","modified_gmt":"2010-06-19T22:04:14","slug":"svet-plny-chudobnych","status":"publish","type":"post","link":"https:\/\/ignacianskaspiritualita.sk\/index.php\/2010\/06\/svet-plny-chudobnych\/","title":{"rendered":"Svet pln\u00fd chudobn\u00fdch"},"content":{"rendered":"<p style=\"text-align: justify;\">\n<p style=\"text-align: justify;\"><strong>Svet pln\u00fd chudobn\u00fdch<\/strong><\/p>\n<p style=\"text-align: justify;\"><em>Je\u017ei\u0161 im odpovedal: \u201eCho\u010fte a\u00a0ozn\u00e1mte J\u00e1novi, \u010do po\u010dujete a\u00a0\u010do vid\u00edte: Slep\u00ed vidia, chrom\u00ed chodia, malomocn\u00ed s\u00fa \u010dist\u00ed, hluch\u00ed po\u010duj\u00fa, m\u0155tvi vst\u00e1vaj\u00fa a chudobn\u00fdm sa hl\u00e1sa evanjelium. A\u00a0blahoslaven\u00fd je, kto sa na mne nepohor\u0161\u00ed.&#8220;<\/em> (Mt 11, 4-6)<\/p>\n<p style=\"text-align: justify;\">\u010citate\u013e, ktor\u00fd pozorne \u010d\u00edta <em>Autobiografiu sv. Ign\u00e1ca<\/em>, u\u017e pri prvom pribl\u00ed\u017een\u00ed sa k textu, m\u00f4\u017ee objavi\u0165, \u017ee sa v\u00a0nej \u010dasto objavuj\u00fa chudobn\u00ed a\u00a0biedni. \u00a0Zauj\u00edmav\u00fd je moment, ke\u010f sa Ign\u00e1c chyst\u00e1 verejne a\u00a0sl\u00e1vnostne vykro\u010di\u0165 na cestu za Kristom, p\u00ed\u0161e: \u201eRozhodol som sa, \u017ee budem bdie\u0165 so zbra\u0148ou cel\u00fa noc, <!--more-->bez toho, \u017ee by som si sadol alebo si odpo\u010dinul, ale \u017ee budem bdie\u0165 chv\u00ed\u013eami postoja\u010dky a\u00a0chv\u00ed\u013eami na kolen\u00e1ch pred olt\u00e1rom Panny M\u00e1rie Montserratskej. Tam som sa rozhodol zanecha\u0165 svoje r\u00facho a\u00a0obliec\u0165 sa do Kristovej v\u00fdzbroje.\u201c (<em>Autobiografia<\/em> 17) Po tomto v\u0161etko daroval svoju mulicu kl\u00e1\u0161toru. Me\u010d a\u00a0svoju d\u00fdku zavesil na olt\u00e1r Panny M\u00e1rie a\u00a0vybral sa na cestu. Cestou stretol ist\u00e9ho \u017eobr\u00e1ka: \u201eV predve\u010der sviatku Zvestovania Panny M\u00e1rie v\u00a0marci v\u00a0roku 1522 v\u00a0noci, a\u00a0to v\u00a0najv\u00e4\u010d\u0161ej skrytosti, ako len bolo mo\u017en\u00e9, za\u0161iel som k\u00a0ist\u00e9mu \u017eobr\u00e1kovi, vyzliekol som sa zo svojich \u0161iat, daroval som ich chud\u00e1kovi a\u00a0obliekol som sa do obleku, po ktorom som tak ve\u013emi t\u00fa\u017eil.\u201c (<em>Autobiografia <\/em>18) Ign\u00e1c potom odch\u00e1dza z\u00a0Montserratu do Manresy.<\/p>\n<p style=\"text-align: justify;\">Podobne kon\u010d\u00ed cel\u00e9 rozpr\u00e1vanie Ign\u00e1ca, v\u00a0ktorom op\u00e4\u0165 spom\u00edna chudobn\u00fdch: \u201eV R\u00edme sme zalo\u017eili so spolo\u010dn\u00edkmi niektor\u00e9 n\u00e1bo\u017en\u00e9 diela ako s\u00fa \u00fatulok pre katechumenov, \u00fatulok sv. Marty, dom pre siroty, at\u010f.<\/p>\n<p style=\"text-align: justify;\">Vid\u00edme teda p\u00fatnika, ktor\u00fd sa stret\u00e1val so v\u0161etk\u00fdmi spolo\u010densk\u00fdmi triedami, nevyn\u00edmaj\u00fac chudobn\u00fdch a\u00a0to na ceste do Sv\u00e4tej zeme, v\u00a0Alcale, v\u00a0Par\u00ed\u017ei, v\u00a0Azpe\u00edtii,v R\u00edme. Medzi nimi s\u00fa \u017eobr\u00e1ci. Napr\u00edklad pri ceste z Ben\u00e1tok, ke\u010f sa \u013eudia dozvedeli, \u017ee je na ceste do Jeruzalema a\u00a0nemal peniaze, mnoh\u00ed ho obdarovali duk\u00e1tmi. Ign\u00e1c ich najsk\u00f4r prijal, lebo mal obavy, aby sa dostal do Jeruzalema. Potom si v\u0161ak uvedomil nedostatok d\u00f4very v\u00a0Boha a\u00a0p\u00ed\u0161e: \u201eRozm\u00fd\u0161\u013eal som, \u010di by nebolo dobr\u00e9 rad\u0161ej ich niekde necha\u0165. Nakoniec som sa rozhodol, \u017ee nimi \u0161tedro obdarujem t\u00fdch, s\u00a0ktor\u00fdmi som sa stret\u00e1val na cest\u00e1ch a\u00a0boli to zvy\u010dajne chudobn\u00ed \u013eudia.\u201c (<em>Autobiografia<\/em> 40) Podobne Ign\u00e1c reaguje pri n\u00e1vrate do Eur\u00f3py zo Sv\u00e4tej zeme. Op\u00e4\u0165 pri\u0161iel do Ben\u00e1tok, kde poc\u00edtil, \u017ee nejak\u00fd \u010das bude venova\u0165 \u0161t\u00fadiu a\u00a0rozhodol sa \u00eds\u0165 do Barcelony. Cestou pri hlavnom chr\u00e1me vo Ferrare, po\u010das kr\u00e1tkej pobo\u017enosti, pri\u0161iel k\u00a0nemu chudobn\u00fd \u017eobr\u00e1k a\u00a0prosil ho o\u00a0almu\u017enu. Ign\u00e1c p\u00ed\u0161e: \u201eDal som mu \u201emarchetto\u201c, t.j. peniaz hodnoty p\u00e4\u0165 alebo \u0161es\u0165 \u201equatrinov\u201c. \u010coskoro pri\u0161iel in\u00fd \u017eobr\u00e1k a\u00a0tomu som dal druh\u00fd peniaz v\u00e4\u010d\u0161ej hodnoty&#8230;ke\u010f chudobn\u00ed spozorovali, \u017ee rozd\u00e1vam almu\u017enu, prich\u00e1dzali jeden po druhom, tak\u017ee sa mi vy\u010derpalo v\u0161etko, \u010do som mal. Nakoniec pri\u0161lo e\u0161te pospolu ve\u013ea \u017eobr\u00e1kov prosi\u0165 o\u00a0almu\u017enu. Povedal som im, aby mi odpustili, preto\u017ee u\u017e ni\u010d nem\u00e1m.\u201c (Autobiografia 50) O podpore \u017eobr\u00e1kom m\u00f4\u017eeme \u010d\u00edta\u0165 aj \u010falej v\u00a0bodoch 57, 61, 89.<\/p>\n<p style=\"text-align: justify;\">Okrem toho Ign\u00e1c stretal na svojej ceste in\u00e9 osoby, ktor\u00e9 sa nach\u00e1dzali v\u00a0materi\u00e1lnej n\u00fadzi (napr. <em>Autobiografia<\/em> 73, 93), chor\u00fdch (napr. <em>Autobiografia<\/em> 79, 83, 93, 95), poni\u017eovan\u00fdch a\u00a0utl\u00e1\u010dan\u00fdch (Autobiografia 18, 38, 59), hrie\u0161nikov (<em>Autobiografia<\/em> 79, 88), at\u010f.<\/p>\n<p style=\"text-align: justify;\">Pre pomoc chudobn\u00fdm Ign\u00e1c venuje predov\u0161etk\u00fdm v\u0161etky svoje prostriedky materi\u00e1lne, duchovn\u00e9 i\u00a0intelektu\u00e1lne, len aby im pomohol: peniaze, n\u00e1v\u0161tevy chor\u00fdch, zria\u010fuje in\u0161tit\u00facie, mobilizuje osoby a\u00a0verejn\u00e9 \u0161trukt\u00fary pre pomoc chudobn\u00fdm a\u00a0in\u00e9. Najviac v\u0161ak m\u00f4\u017eeme vidie\u0165, \u017ee sa sna\u017e\u00ed pom\u00f4c\u0165 materi\u00e1lne. Okrem toho Ign\u00e1c aj vpl\u00fdval na \u013eud\u00ed, aby pom\u00e1hali chudobn\u00fdm (<em>Autobiografia<\/em> 61 \u2013 matka s\u00a0dc\u00e9rou, ktor\u00e9 sa rozhodli sl\u00fa\u017ei\u0165 chudobn\u00fdm). Ign\u00e1c takto u\u010dil aj in\u00fdch k\u00a0solidarite s\u00a0chudobn\u00fdmi (<em>Autobiografia<\/em> 77).<\/p>\n<p style=\"text-align: justify;\">\n","protected":false},"excerpt":{"rendered":"<p>Svet pln\u00fd chudobn\u00fdch Je\u017ei\u0161 im odpovedal: \u201eCho\u010fte a\u00a0ozn\u00e1mte J\u00e1novi, \u010do po\u010dujete a\u00a0\u010do vid\u00edte: Slep\u00ed vidia, chrom\u00ed chodia, malomocn\u00ed s\u00fa \u010dist\u00ed, hluch\u00ed po\u010duj\u00fa, m\u0155tvi vst\u00e1vaj\u00fa a chudobn\u00fdm sa hl\u00e1sa evanjelium. A\u00a0blahoslaven\u00fd je, kto sa na mne nepohor\u0161\u00ed.&#8220; (Mt 11, 4-6) \u010citate\u013e, ktor\u00fd pozorne \u010d\u00edta Autobiografiu sv. Ign\u00e1ca, u\u017e pri prvom pribl\u00ed\u017een\u00ed sa k textu, m\u00f4\u017ee objavi\u0165,&hellip;&nbsp;<a href=\"https:\/\/ignacianskaspiritualita.sk\/index.php\/2010\/06\/svet-plny-chudobnych\/\" rel=\"bookmark\">\u010c\u00edta\u0165 viac &raquo;<span class=\"screen-reader-text\">Svet pln\u00fd chudobn\u00fdch<\/span><\/a><\/p>\n","protected":false},"author":2,"featured_media":0,"comment_status":"closed","ping_status":"closed","sticky":false,"template":"","format":"standard","meta":{"neve_meta_sidebar":"","neve_meta_container":"","neve_meta_enable_content_width":"","neve_meta_content_width":0,"neve_meta_title_alignment":"","neve_meta_author_avatar":"","neve_post_elements_order":"","neve_meta_disable_header":"","neve_meta_disable_footer":"","neve_meta_disable_title":"","_ti_tpc_template_sync":false,"_ti_tpc_template_id":""},"categories":[16],"tags":[73,141,159],"_links":{"self":[{"href":"https:\/\/ignacianskaspiritualita.sk\/index.php\/wp-json\/wp\/v2\/posts\/776"}],"collection":[{"href":"https:\/\/ignacianskaspiritualita.sk\/index.php\/wp-json\/wp\/v2\/posts"}],"about":[{"href":"https:\/\/ignacianskaspiritualita.sk\/index.php\/wp-json\/wp\/v2\/types\/post"}],"author":[{"embeddable":true,"href":"https:\/\/ignacianskaspiritualita.sk\/index.php\/wp-json\/wp\/v2\/users\/2"}],"replies":[{"embeddable":true,"href":"https:\/\/ignacianskaspiritualita.sk\/index.php\/wp-json\/wp\/v2\/comments?post=776"}],"version-history":[{"count":0,"href":"https:\/\/ignacianskaspiritualita.sk\/index.php\/wp-json\/wp\/v2\/posts\/776\/revisions"}],"wp:attachment":[{"href":"https:\/\/ignacianskaspiritualita.sk\/index.php\/wp-json\/wp\/v2\/media?parent=776"}],"wp:term":[{"taxonomy":"category","embeddable":true,"href":"https:\/\/ignacianskaspiritualita.sk\/index.php\/wp-json\/wp\/v2\/categories?post=776"},{"taxonomy":"post_tag","embeddable":true,"href":"https:\/\/ignacianskaspiritualita.sk\/index.php\/wp-json\/wp\/v2\/tags?post=776"}],"curies":[{"name":"wp","href":"https:\/\/api.w.org\/{rel}","templated":true}]}}