{"id":768,"date":"2010-06-18T21:05:11","date_gmt":"2010-06-18T21:05:11","guid":{"rendered":"http:\/\/test.ignacianskaspiritualita.sk\/?p=768"},"modified":"2010-06-18T21:05:11","modified_gmt":"2010-06-18T21:05:11","slug":"duchovny-dennik-svateho-ignaca","status":"publish","type":"post","link":"https:\/\/ignacianskaspiritualita.sk\/index.php\/2010\/06\/duchovny-dennik-svateho-ignaca\/","title":{"rendered":"Duchovn\u00fd denn\u00edk sv\u00e4t\u00e9ho Ign\u00e1ca"},"content":{"rendered":"<p style=\"text-align: justify;\"><strong>Duchovn\u00fd denn\u00edk<\/strong><\/p>\n<p style=\"text-align: justify;\">Sv. Ign\u00e1c z\u00a0Loyoly, ktor\u00fd je autorom viacer\u00fdch diel, n\u00e1m okrem in\u00e9ho zanechal vlastnoru\u010dne nap\u00edsan\u00fd text, ktor\u00fd dnes pozn\u00e1me pod n\u00e1zvom <em>Duchovn\u00fd denn\u00edk sv\u00e4t\u00e9ho Ign\u00e1ca z\u00a0Loyoly<\/em>. <em>Denn\u00edk<\/em> m\u00e1 ve\u013emi osobn\u00fd, duchovn\u00fd a <!--more-->mystick\u00fd charakter. Reflektuje vn\u00fatorn\u00e9 pohyby, ktor\u00e9 s\u00fa vlo\u017een\u00e9 do modlitby a\u00a0upriamen\u00e9 aj na proces rozli\u0161ovania, t\u00fdkaj\u00faci sa poriadku a\u00a0syst\u00e9mu chudoby v\u00a0reho\u013en\u00fdch domoch, ktor\u00e9 Ign\u00e1c naz\u00fdva \u201eprofesn\u00e9 domy\u201c. Pri tomto h\u013eadan\u00ed Ign\u00e1c s\u00a0pohnut\u00edm otv\u00e1ra svoje vn\u00fatro, aby reflektoval a\u00a0naplno odkryl intenz\u00edvny vz\u0165ah s\u00a0Bohom, ktor\u00fd pre\u017e\u00edval najm\u00e4 na emocion\u00e1lnej, \u010di citovej \u00farovni. Cel\u00e1 jeho osoba, so v\u0161etk\u00fdmi jeho schopnos\u0165ami, je ponoren\u00e1 do tohto vz\u0165ahu s\u00a0Bohom. V\u00a0<em>Denn\u00edku <\/em> m\u00f4\u017eeme vidie\u0165 vn\u00fatorn\u00fa rados\u0165, pokoj, vieru, jemnos\u0165, vn\u00fatorn\u00fa \u201ehudbu\u201c, l\u00e1sku, vn\u00fatorn\u00fa harm\u00f3niu, \u010di t\u00f3ny, n\u00e1reky, ale predov\u0161etk\u00fdm slzy, ktor\u00e9 tvoria doslova cel\u00fa zbierku vyjadren\u00ed, ktor\u00e9 sa odohr\u00e1vaj\u00fa v\u00a0srdci Ign\u00e1ca vo vz\u0165ahu k\u00a0Bohu. Text je citovo zafarben\u00fd, ale popritom striedmy a\u00a0zdr\u017eanliv\u00fd. Jednotliv\u00e9 vyjadrenia s\u00fa kr\u00e1tke, ale pln\u00e9 znamen\u00ed a\u00a0symbolov.<\/p>\n<p style=\"text-align: justify;\">(Postupne pribl\u00ed\u017eim toto dielo viac konkr\u00e9tne.)<\/p>\n","protected":false},"excerpt":{"rendered":"<p>Duchovn\u00fd denn\u00edk Sv. Ign\u00e1c z\u00a0Loyoly, ktor\u00fd je autorom viacer\u00fdch diel, n\u00e1m okrem in\u00e9ho zanechal vlastnoru\u010dne nap\u00edsan\u00fd text, ktor\u00fd dnes pozn\u00e1me pod n\u00e1zvom Duchovn\u00fd denn\u00edk sv\u00e4t\u00e9ho Ign\u00e1ca z\u00a0Loyoly. Denn\u00edk m\u00e1 ve\u013emi osobn\u00fd, duchovn\u00fd a<\/p>\n","protected":false},"author":2,"featured_media":0,"comment_status":"closed","ping_status":"closed","sticky":false,"template":"","format":"standard","meta":{"neve_meta_sidebar":"","neve_meta_container":"","neve_meta_enable_content_width":"","neve_meta_content_width":0,"neve_meta_title_alignment":"","neve_meta_author_avatar":"","neve_post_elements_order":"","neve_meta_disable_header":"","neve_meta_disable_footer":"","neve_meta_disable_title":"","_ti_tpc_template_sync":false,"_ti_tpc_template_id":""},"categories":[59],"tags":[178,109],"_links":{"self":[{"href":"https:\/\/ignacianskaspiritualita.sk\/index.php\/wp-json\/wp\/v2\/posts\/768"}],"collection":[{"href":"https:\/\/ignacianskaspiritualita.sk\/index.php\/wp-json\/wp\/v2\/posts"}],"about":[{"href":"https:\/\/ignacianskaspiritualita.sk\/index.php\/wp-json\/wp\/v2\/types\/post"}],"author":[{"embeddable":true,"href":"https:\/\/ignacianskaspiritualita.sk\/index.php\/wp-json\/wp\/v2\/users\/2"}],"replies":[{"embeddable":true,"href":"https:\/\/ignacianskaspiritualita.sk\/index.php\/wp-json\/wp\/v2\/comments?post=768"}],"version-history":[{"count":0,"href":"https:\/\/ignacianskaspiritualita.sk\/index.php\/wp-json\/wp\/v2\/posts\/768\/revisions"}],"wp:attachment":[{"href":"https:\/\/ignacianskaspiritualita.sk\/index.php\/wp-json\/wp\/v2\/media?parent=768"}],"wp:term":[{"taxonomy":"category","embeddable":true,"href":"https:\/\/ignacianskaspiritualita.sk\/index.php\/wp-json\/wp\/v2\/categories?post=768"},{"taxonomy":"post_tag","embeddable":true,"href":"https:\/\/ignacianskaspiritualita.sk\/index.php\/wp-json\/wp\/v2\/tags?post=768"}],"curies":[{"name":"wp","href":"https:\/\/api.w.org\/{rel}","templated":true}]}}