{"id":597,"date":"2010-06-01T20:53:41","date_gmt":"2010-06-01T20:53:41","guid":{"rendered":"http:\/\/test.ignacianskaspiritualita.sk\/?p=597"},"modified":"2010-06-01T20:53:41","modified_gmt":"2010-06-01T20:53:41","slug":"zena-oslobodena-od-hriechu","status":"publish","type":"post","link":"https:\/\/ignacianskaspiritualita.sk\/index.php\/2010\/06\/zena-oslobodena-od-hriechu\/","title":{"rendered":"\u017dena osloboden\u00e1 od hriechu"},"content":{"rendered":"<p style=\"text-align: justify;\">\u201eJe\u017ei\u0161 odi\u0161iel na Olivov\u00fa horu. Ale zav\u010das r\u00e1no sa vr\u00e1til do chr\u00e1mu a\u00a0v\u0161etok \u013eud sa hrnul k\u00a0nemu. Sadol si a\u00a0u\u010dil ich. Tu z\u00e1konn\u00edci a\u00a0farizeji priviedli \u017eenu pristihnut\u00fa pri cudzolo\u017estve, postavil ju do prostriedku a\u00a0povedali mu: \u201eU\u010dite\u013e, t\u00fato \u017eenu pristihli priamo pri cudzolo\u017estve. Moj\u017ei\u0161 n\u00e1m v\u00a0z\u00e1kone nariadil tak\u00e9to \u017eeny ukame\u0148ova\u0165. \u010co povie\u0161 ty?&#8220; <!--more-->Ale to hovorili, aby ho pok\u00fa\u0161ali a\u00a0mohli ho ob\u017ealova\u0165. Je\u017ei\u0161 sa zohol a\u00a0prstom p\u00edsal po zemi. Ale ke\u010f sa ho neprest\u00e1vali vypytova\u0165, vzpriamil sa a\u00a0povedal im: \u201eKto z\u00a0v\u00e1s je bez hriechu, nech prv\u00fd hod\u00ed do nej kame\u0148.&#8220; A\u00a0znovu sa zohol a\u00a0p\u00edsal po zemi. Ako to po\u010duli, jeden po druhom &#8211; po\u010dn\u00fac star\u0161\u00edmi &#8211; sa vytr\u00e1cali, a\u017e zostal s\u00e1m so \u017eenou, \u010do st\u00e1la v\u00a0prostriedku. Je\u017ei\u0161 sa vzpriamil a\u00a0op\u00fdtal sa jej: \u201e\u017dena, kde s\u00fa? Nik \u0165a neods\u00fadil?&#8220; Ona odpovedala: \u201eNik, Pane.&#8220; A\u00a0Je\u017ei\u0161 jej povedal: \u201eAni ja \u0165a neodsudzujem. Cho\u010f a\u00a0u\u017e nehre\u0161!\u201c (Jn 8, 1-11)<\/p>\n<p style=\"text-align: justify;\"><strong>Pr\u00edpravn\u00e1 modlitba<\/strong> je prosi\u0165 o milos\u0165 od Boha, n\u00e1\u0161ho P\u00e1na, aby v\u0161etky moje \u00famysly, \u010diny a skutky smerovali \u010disto na slu\u017ebu a chv\u00e1lu jeho bo\u017eskej Velebnosti. (DC 46)<\/p>\n<p style=\"text-align: justify;\"><strong>Prv\u00e1 predohra.<\/strong> Pozost\u00e1va v \u017eivom predstaven\u00ed miesta. (DC47)<\/p>\n<p style=\"text-align: justify;\"><strong>Druh\u00e1 predohra.<\/strong> Prosi\u0165 od Boha, n\u00e1\u0161ho P\u00e1na, to, \u010do chcem a si \u017eiadam. Prosba mus\u00ed by\u0165 primeran\u00e1 predlo\u017eenej l\u00e1tke. Prosi\u0165 o\u00a0vn\u00fatorn\u00fa pomoc Ducha Sv\u00e4t\u00e9ho, aby mi pomohol srdce obr\u00e1ti\u0165 k\u00a0Bohu, aby\u00a0 mi otvoril duchovn\u00fd zrak, aby som spoznal silu a moc hriechu, a\u00a0tie\u017e, aby mi pomohol zak\u00fasi\u0165 Bo\u017eiu dobrotu a\u00a0milosrdenstvo.<\/p>\n<p style=\"text-align: justify;\">Alebo. Prosi\u0165 o to, \u010do chcem: tu bu\u00addem prosi\u0165 o ve\u013ek\u00fa a prec\u00edten\u00fa boles\u0165 a slzy nad svojimi hriechmi. (DC 55)<\/p>\n<p style=\"text-align: justify;\"><strong>Na uva\u017eovanie: <\/strong>T\u00e1to evanjeliov\u00e1 pas\u00e1\u017e rob\u00ed nar\u00e1\u017eku na realitu v\u00a0okol\u00ed Je\u017ei\u0161ovho \u017eivota: obr\u00e1tenie nieko\u013ek\u00fdch hrie\u0161nych \u017eien. Stretnutie s\u00a0Je\u017ei\u0161om im otvorilo nov\u00fa n\u00e1dej, nov\u00fa rados\u0165, nov\u00e9 pote\u0161enie. Ako sa u\u017e predt\u00fdm stalo z\u00a0mnoh\u00fdmi hrie\u0161nikmi, ktor\u00ed ho h\u013eadali a\u00a0na\u0161li, tie\u017e oni sa c\u00edtili znovu pote\u0161en\u00e9, znovu prijat\u00e9. Udalos\u0165, ktorou sa zaober\u00e1me je z\u00a0t\u00fdchto udalost\u00ed.\u00a0 Sme na oslave Sviatku st\u00e1nkov a\u00a0Je\u017ei\u0161 pr\u00e1ve u\u010d\u00ed od r\u00e1na v\u00a0chr\u00e1me. Nezostupuje do chr\u00e1mu, aby sa modlil, ale aby u\u010dil. Je v\u00a0postoji u\u010dite\u013ea, vid\u00edme ho, \u017ee sed\u00ed a\u00a0v\u0161etok \u013eud sa hrnie k\u00a0nemu. V\u00a0tom okamihu, z\u00e1konn\u00edci a\u00a0farizeji mu predstavia \u017eenu zastihnut\u00fa pri cudzolo\u017estve. \u017diadaj\u00fa ho, aby povedal svoj n\u00e1zor a\u00a0medzit\u00fdm mu pripom\u00ednaj\u00fa, \u017ee pod\u013ea Moj\u017ei\u0161ovho z\u00e1kona mus\u00ed by\u0165 ukame\u0148ovan\u00e1. Toto predpoklad\u00e1, \u017ee Je\u017ei\u0161 nie je u\u010dite\u013e ktor\u00fd iba interpretuje Moj\u017ei\u0161a, ale \u017ee on \u2013 nech\u00e1 sa porozumie\u0165 , sa stavia na \u00farove\u0148 toho, ktor\u00fd m\u00e1 schopnos\u0165 vyd\u00e1va z\u00e1kony. Toto je ve\u013emi d\u00f4le\u017eit\u00e9, aby sme interpretovali gesto Kristovho p\u00edsania po zemi, na ktor\u00e9 sa ihne\u010f nar\u00e1\u017ea.<\/p>\n<p style=\"text-align: justify;\">Je\u017ei\u0161 neodpoved\u00e1, sklon\u00ed sa a\u00a0p\u00ed\u0161e prstom po zemi. Ke\u010f st\u00e1le na\u0148ho naliehali, postavil sa a\u00a0povedal im: \u201eKto z\u00a0v\u00e1s je bez hriechu, nech prv\u00fd hod\u00ed do nej kame\u0148.&#8220; A\u00a0znovu sa zohol a\u00a0p\u00edsal po zemi.<\/p>\n<p style=\"text-align: justify;\">\u010co je to za gesto? To\u013eko kr\u00e1t interpretovan\u00e9. V\u00a0istom kontexte sa zd\u00e1, \u017ee rovnako ako Z\u00e1kon, ktor\u00fd sa odovzdal Moj\u017ei\u0161ovi bol nap\u00edsan\u00fd pomocou Bo\u017eieho prstu na skalu, tak teraz Je\u017ei\u0161 svoj Z\u00e1kon p\u00ed\u0161e na zem. Je\u017ei\u0161ov z\u00e1kon berie na vedomie slabos\u0165 \u010dloveka. Pon\u00faka \u010dlovekovi mo\u017enos\u0165, aby mu bolo zmazan\u00e1 jeho minulos\u0165. Je\u017ei\u0161ov z\u00e1kon je pre \u010dloveka, ktor\u00fd je pozemsk\u00fd a krehk\u00fd. Je\u017ei\u0161 zohnut\u00fd k zem, na ktor\u00fa p\u00ed\u0161e, je cel\u00e9 vysvetlenie \u2013 nepri\u0161iel som na svet, aby som ho ods\u00fadil ale, aby som ho spasil.<\/p>\n<p style=\"text-align: justify;\">V\u00a0udalosti m\u00f4\u017eeme zbada\u0165 e\u0161te jeden moment: Je\u017ei\u0161 zohnut\u00fd k\u00a0zemi a\u00a0\u017eena stojac ved\u013ea neho. Nie\u010do podobn\u00e9, \u010do sa prihodilo pri um\u00fdvan\u00ed n\u00f4h vo ve\u010deradle. Boh sa poni\u017euje, aby bol \u010dlovek pov\u00fd\u0161en\u00fd.<\/p>\n<p style=\"text-align: justify;\">\u017daluj\u00faci sa postupne, jeden po druhom vytratili, po\u010dn\u00fac star\u0161\u00edmi. V\u00a0Izraeli star\u0161\u00ed znamenali alebo predstavovali trad\u00edciu, autoritu. Pred Je\u017ei\u0161om pomaly str\u00e1caj\u00fa v\u00fdznam. Ich z\u00e1kon bol z\u00e1kon skaly. Z\u00e1kon Je\u017ei\u0161a je z\u00e1kon nap\u00edsan\u00fd do zeme, jeho aplik\u00e1cia nie je pevn\u00e1, prisp\u00f4sobuje sa ka\u017ed\u00e9mu pr\u00edpadu, ka\u017ed\u00e9mu \u010dlovekovi. Ale z\u00e1kon Je\u017ei\u0161a pokra\u010duje \u00a0pevne pokia\u013e ide o\u00a0jeho u\u010denie: \u00a0\u201eAni ja \u0165a neodsudzujem. Cho\u010f a\u00a0u\u017e nehre\u0161!\u201c Je\u017ei\u0161ov z\u00e1kon je z\u00e1kon vp\u00edsan\u00fd do srdca cez siln\u00e9 p\u00f4sobenie Ducha Sv\u00e4t\u00e9ho, z\u00e1kon, ktor\u00fd sa vlieva do du\u0161e, ke\u010f Boh odp\u00fa\u0161\u0165a chyby a\u00a0zab\u00fada na hriechy.<\/p>\n<p style=\"text-align: justify;\"><strong>Rozhovor.<\/strong> Predstav\u00edm si Krista, n\u00e1\u0161ho P\u00e1na, na kr\u00ed\u017ei, ako sa s n\u00edm rozpr\u00e1vam p\u00fdtaj\u00fac sa ho, ako sa to stalo, \u017ee on, Stvorite\u013e, pri\u0161iel medzi n\u00e1s a stal sa \u010dlovekom, z ve\u010dn\u00e9ho \u017eivota k \u010das\u00adnej smrti a \u017ee pri\u0161iel zomrie\u0165 za moje hriechy. Takisto sa pozriem aj na seba p\u00fdtaj\u00fac sa, \u010do som ja urobil pre Krista a \u010do mus\u00edm urobi\u0165 pre Krista; \u00a0a tak vidiac ho pribit\u00e9ho na kr\u00ed\u017e bu\u00addem uva\u017eova\u0165 o tom, \u010do mi pr\u00edde na um. (DC 53)<\/p>\n<p style=\"text-align: justify;\">Rozhovor sa vlastne kon\u00e1 tak, ako ke\u010f sa zho\u00adv\u00e1ra priate\u013e s priate\u013eom alebo sluha so svoj\u00edm p\u00e1nom; zav\u0161e pros\u00edme o nejak\u00fa milos\u0165, alebo sa \u017ealujeme na seba, \u017ee sme sp\u00e1chali nejak\u00e9 zlo; alebo sa rozhovor\u00edme o svojich veciach a pros\u00ed\u00adme v nich o radu. A pomodl\u00edme sa Ot\u010den\u00e1\u0161. (DC 54)<\/p>\n","protected":false},"excerpt":{"rendered":"<p>\u201eJe\u017ei\u0161 odi\u0161iel na Olivov\u00fa horu. Ale zav\u010das r\u00e1no sa vr\u00e1til do chr\u00e1mu a\u00a0v\u0161etok \u013eud sa hrnul k\u00a0nemu. Sadol si a\u00a0u\u010dil ich. Tu z\u00e1konn\u00edci a\u00a0farizeji priviedli \u017eenu pristihnut\u00fa pri cudzolo\u017estve, postavil ju do prostriedku a\u00a0povedali mu: \u201eU\u010dite\u013e, t\u00fato \u017eenu pristihli priamo pri cudzolo\u017estve. Moj\u017ei\u0161 n\u00e1m v\u00a0z\u00e1kone nariadil tak\u00e9to \u017eeny ukame\u0148ova\u0165. \u010co povie\u0161 ty?&#8220;<\/p>\n","protected":false},"author":2,"featured_media":0,"comment_status":"closed","ping_status":"closed","sticky":false,"template":"","format":"standard","meta":{"neve_meta_sidebar":"","neve_meta_container":"","neve_meta_enable_content_width":"","neve_meta_content_width":0,"neve_meta_title_alignment":"","neve_meta_author_avatar":"","neve_post_elements_order":"","neve_meta_disable_header":"","neve_meta_disable_footer":"","neve_meta_disable_title":"","_ti_tpc_template_sync":false,"_ti_tpc_template_id":""},"categories":[26],"tags":[89,100,107,120,130],"_links":{"self":[{"href":"https:\/\/ignacianskaspiritualita.sk\/index.php\/wp-json\/wp\/v2\/posts\/597"}],"collection":[{"href":"https:\/\/ignacianskaspiritualita.sk\/index.php\/wp-json\/wp\/v2\/posts"}],"about":[{"href":"https:\/\/ignacianskaspiritualita.sk\/index.php\/wp-json\/wp\/v2\/types\/post"}],"author":[{"embeddable":true,"href":"https:\/\/ignacianskaspiritualita.sk\/index.php\/wp-json\/wp\/v2\/users\/2"}],"replies":[{"embeddable":true,"href":"https:\/\/ignacianskaspiritualita.sk\/index.php\/wp-json\/wp\/v2\/comments?post=597"}],"version-history":[{"count":0,"href":"https:\/\/ignacianskaspiritualita.sk\/index.php\/wp-json\/wp\/v2\/posts\/597\/revisions"}],"wp:attachment":[{"href":"https:\/\/ignacianskaspiritualita.sk\/index.php\/wp-json\/wp\/v2\/media?parent=597"}],"wp:term":[{"taxonomy":"category","embeddable":true,"href":"https:\/\/ignacianskaspiritualita.sk\/index.php\/wp-json\/wp\/v2\/categories?post=597"},{"taxonomy":"post_tag","embeddable":true,"href":"https:\/\/ignacianskaspiritualita.sk\/index.php\/wp-json\/wp\/v2\/tags?post=597"}],"curies":[{"name":"wp","href":"https:\/\/api.w.org\/{rel}","templated":true}]}}