{"id":549,"date":"2010-05-22T09:42:02","date_gmt":"2010-05-22T09:42:02","guid":{"rendered":"http:\/\/test.ignacianskaspiritualita.sk\/?p=549"},"modified":"2010-05-22T09:42:02","modified_gmt":"2010-05-22T09:42:02","slug":"zrod-vynimocnej-autobiografie","status":"publish","type":"post","link":"https:\/\/ignacianskaspiritualita.sk\/index.php\/2010\/05\/zrod-vynimocnej-autobiografie\/","title":{"rendered":"Zrod v\u00fdnimo\u010dnej Autobiografie"},"content":{"rendered":"<p style=\"text-align: justify;\">\n<p style=\"text-align: justify;\">Sv. Ign\u00e1c sa nach\u00e1dzal na vrchole svojho \u017eivota. Okolo seba zhroma\u017edil dobr\u00fa skupinu spolo\u010dn\u00edkov, ktor\u00ed ohlasovali radostn\u00fa zves\u0165 Evanjelia prakticky po celom svete. T\u00e1to skupina pod n\u00e1zvom Spolo\u010dnos\u0165 Je\u017ei\u0161ova bola ofici\u00e1lne schv\u00e1len\u00e1 p\u00e1pe\u017eom a\u00a0Ign\u00e1c u\u017e zanechal <em>Kon\u0161tit\u00facie<\/em> pre lep\u0161ie napredovanie Spolo\u010dnosti a\u00a0tie\u017e <em>Duchovn\u00e9 cvi\u010denia<\/em>, ovocie 25-ro\u010dnej osobnej sk\u00fasenosti. Takisto nap\u00edsal tis\u00edce listov. Prv\u00fdm spolo\u010dn\u00edkom a\u00a0ostatn\u00fdm jezuitom to v\u0161ak nesta\u010dilo. <!--more-->Preto v\u00a0tomto obdob\u00ed prich\u00e1dzaj\u00fa za n\u00edm, aby ho po\u017eiadali o\u00a0vyrozpr\u00e1vanie svojho osobn\u00e9ho \u017eivota. \u017delali si, aby ich u\u010dite\u013e a\u00a0duchovn\u00fd vodca im zanechal osobn\u00e9 svedectvo svojej bohatej, jedine\u010dnej a\u00a0v\u00fdnimo\u010dnej sk\u00fasenosti od momentu, ke\u010f P\u00e1n skr\u00ed\u017eil jeho ve\u013ek\u00e9 rytierske pl\u00e1ny, aby ho uviedol na cestu s\u00edce ve\u013emi n\u00e1ro\u010dn\u00fa, ale predsa fascinuj\u00facu \u2013 nasledova\u0165 Krista.<\/p>\n<p style=\"text-align: justify;\">Spolo\u010dn\u00edci sv. Ign\u00e1ca (Diego La\u00ednez; sekret\u00e1r sv. Ign\u00e1ca Juan de Polanco; Jer\u00f3nimo Nadal; Luis Gon\u00e7alves da C\u00e2mara a\u00a0in\u00ed) chceli pozna\u0165 ako ho P\u00e1n viedol a\u00a0tie\u017e ako ho formoval. Sv. Ign\u00e1c spo\u010diatku nechcel p\u00edsa\u0165 o\u00a0t\u00fdchto skuto\u010dnostiach, preto jeho bl\u00edzky spolupracovn\u00edci len \u0165a\u017eko dosahovali svoj cie\u013e. Dob\u00fdvanie Ign\u00e1covej v\u00f4le bola ve\u013emi \u0165a\u017ek\u00e1 a\u00a0n\u00e1ro\u010dn\u00e1 \u00faloha. Nadal, Luis Gon\u00e7alves da C\u00e2mara a\u00a0in\u00ed museli nalieha\u0165 na Ign\u00e1ca ve\u013emi dlho. Intenz\u00edvne na\u0148ho vpl\u00fdvali, aby sa im podrobil, \u017ee je to najv\u00e4\u010d\u0161ie dobro pre Spolo\u010dnos\u0165 (O tomto nezvy\u010dajnom \u201ez\u00e1pase\u201c medzi bl\u00edzkymi spolo\u010dn\u00edkmi a\u00a0sv. Ign\u00e1com si m\u00f4\u017eete viac pre\u010d\u00edta\u0165 v\u00a0\u00favode k\u00a0<em>Autobiografii<\/em>; na Slovensku vydan\u00e1 pod n\u00e1zvom <em>O\u00a0sebe<\/em>, vydavate\u013estvo Dobr\u00e1 Kniha). Po dlhom naliehan\u00ed sa nakoniec sv. Ign\u00e1c rozhodol vyrozpr\u00e1va\u0165 svoj \u017eivotn\u00fd pr\u00edbeh. Nep\u00ed\u0161e ho s\u00e1m Ign\u00e1c, ale ho diktuje. Z pozn\u00e1mok P. Gon\u00e7alvesa vieme, \u017ee rozpr\u00e1vanie o \u017eivote sv. Ign\u00e1ca sa za\u010dalo koncom augusta roku 1553. Toto rozpr\u00e1vanie \u010dasto sv. Ign\u00e1c preru\u0161oval, zvl\u00e1\u0161\u0165 pri opisovan\u00ed \u017eivota v\u00a0Manrese. Posledn\u00e9 s\u00e9rie rozpr\u00e1van\u00ed o\u00a0svojom \u017eivote sv. Ign\u00e1c pred\u013a\u017eil a\u017e do septembra alebo okt\u00f3bra 1555.<\/p>\n<p style=\"text-align: justify;\">Text za\u010d\u00edna v\u00a0momente jeho obr\u00e1tenia. Sv. Ign\u00e1ca nebol \u017eiaden liter\u00e1t, ale vojak &#8211; rytier, predsa v\u0161ak v\u00fdre\u010dne vyrozpr\u00e1val udalosti ako Boh vst\u00fapil do jeho \u017eivota.<\/p>\n<p style=\"text-align: justify;\">\n<p style=\"text-align: justify;\">\n","protected":false},"excerpt":{"rendered":"<p>Sv. Ign\u00e1c sa nach\u00e1dzal na vrchole svojho \u017eivota. Okolo seba zhroma\u017edil dobr\u00fa skupinu spolo\u010dn\u00edkov, ktor\u00ed ohlasovali radostn\u00fa zves\u0165 Evanjelia prakticky po celom svete. T\u00e1to skupina pod n\u00e1zvom Spolo\u010dnos\u0165 Je\u017ei\u0161ova bola ofici\u00e1lne schv\u00e1len\u00e1 p\u00e1pe\u017eom a\u00a0Ign\u00e1c u\u017e zanechal Kon\u0161tit\u00facie pre lep\u0161ie napredovanie Spolo\u010dnosti a\u00a0tie\u017e Duchovn\u00e9 cvi\u010denia, ovocie 25-ro\u010dnej osobnej sk\u00fasenosti. Takisto nap\u00edsal tis\u00edce listov. Prv\u00fdm spolo\u010dn\u00edkom a\u00a0ostatn\u00fdm&hellip;&nbsp;<a href=\"https:\/\/ignacianskaspiritualita.sk\/index.php\/2010\/05\/zrod-vynimocnej-autobiografie\/\" rel=\"bookmark\">\u010c\u00edta\u0165 viac &raquo;<span class=\"screen-reader-text\">Zrod v\u00fdnimo\u010dnej Autobiografie<\/span><\/a><\/p>\n","protected":false},"author":2,"featured_media":0,"comment_status":"closed","ping_status":"closed","sticky":false,"template":"","format":"standard","meta":{"neve_meta_sidebar":"","neve_meta_container":"","neve_meta_enable_content_width":"","neve_meta_content_width":0,"neve_meta_title_alignment":"","neve_meta_author_avatar":"","neve_post_elements_order":"","neve_meta_disable_header":"","neve_meta_disable_footer":"","neve_meta_disable_title":"","_ti_tpc_template_sync":false,"_ti_tpc_template_id":""},"categories":[58],"tags":[185,178],"_links":{"self":[{"href":"https:\/\/ignacianskaspiritualita.sk\/index.php\/wp-json\/wp\/v2\/posts\/549"}],"collection":[{"href":"https:\/\/ignacianskaspiritualita.sk\/index.php\/wp-json\/wp\/v2\/posts"}],"about":[{"href":"https:\/\/ignacianskaspiritualita.sk\/index.php\/wp-json\/wp\/v2\/types\/post"}],"author":[{"embeddable":true,"href":"https:\/\/ignacianskaspiritualita.sk\/index.php\/wp-json\/wp\/v2\/users\/2"}],"replies":[{"embeddable":true,"href":"https:\/\/ignacianskaspiritualita.sk\/index.php\/wp-json\/wp\/v2\/comments?post=549"}],"version-history":[{"count":0,"href":"https:\/\/ignacianskaspiritualita.sk\/index.php\/wp-json\/wp\/v2\/posts\/549\/revisions"}],"wp:attachment":[{"href":"https:\/\/ignacianskaspiritualita.sk\/index.php\/wp-json\/wp\/v2\/media?parent=549"}],"wp:term":[{"taxonomy":"category","embeddable":true,"href":"https:\/\/ignacianskaspiritualita.sk\/index.php\/wp-json\/wp\/v2\/categories?post=549"},{"taxonomy":"post_tag","embeddable":true,"href":"https:\/\/ignacianskaspiritualita.sk\/index.php\/wp-json\/wp\/v2\/tags?post=549"}],"curies":[{"name":"wp","href":"https:\/\/api.w.org\/{rel}","templated":true}]}}