{"id":520,"date":"2010-05-18T15:45:44","date_gmt":"2010-05-18T15:45:44","guid":{"rendered":"http:\/\/test.ignacianskaspiritualita.sk\/?p=520"},"modified":"2010-05-18T15:45:44","modified_gmt":"2010-05-18T15:45:44","slug":"univerzalne-poslanie-spolocnosti-jezisovej","status":"publish","type":"post","link":"https:\/\/ignacianskaspiritualita.sk\/index.php\/2010\/05\/univerzalne-poslanie-spolocnosti-jezisovej\/","title":{"rendered":"Univerz\u00e1lne poslanie Spolo\u010dnosti Je\u017ei\u0161ovej"},"content":{"rendered":"<p style=\"text-align: justify;\"><strong>&#8222;Mojou v\u00f4\u013eou je z\u00edska\u0165 cel\u00fd svet&#8220; (DC 95)<\/strong><\/p>\n<p style=\"text-align: justify;\">V\u00a0medit\u00e1cii o\u00a0Vtelen\u00ed sv. Ign\u00e1c p\u00ed\u0161e: \u201eRozpam\u00e4t\u00e1m sa na udalos\u0165, ktor\u00fa chcem kontemplova\u0165. V\u00a0tomto pr\u00edpade, ako tri Bo\u017esk\u00e9 Osoby h\u013eadeli na cel\u00fd povrch alebo na okruh cel\u00e9ho sveta preplnen\u00e9ho \u013eu\u010fmi.\u201c (DC 102) T\u00edto \u013eudia s\u00fa, ako p\u00ed\u0161e: \u201ejedni s\u00fa bieli, druh\u00ed \u010dierni, jedni v\u00a0mieri, druh\u00ed vo vojne, jedni pla\u010d\u00fa, druh\u00ed sa smej\u00fa, jedni s\u00fa zdrav\u00ed, druh\u00ed nemocn\u00ed, niektor\u00ed sa rodia, in\u00ed zasa zomieraj\u00fa at\u010f. (DC 106) A\u00a0sv. Ign\u00e1c dod\u00e1va: \u201eTri Bo\u017esk\u00e9 Osoby sa rozhodli, aby sa druh\u00e1 Osoba stala \u010dlovekom a\u00a0spasila \u013eudsk\u00e9 pokolenie.\u201c (DC 102)<\/p>\n<p style=\"text-align: justify;\"><!--more--><\/p>\n<p style=\"text-align: justify;\">Cel\u00fd svet je teda zahrnut\u00fd do ignaci\u00e1nskej spirituality. U\u017e v\u00a0medit\u00e1cii o\u00a0Kr\u00e1\u013eovstve, ktor\u00fa sv. Ign\u00e1c pon\u00faka na za\u010diatku tzv. Druh\u00e9ho t\u00fd\u017ed\u0148a, sa n\u00e1m pon\u00faka poh\u013ead, ktor\u00fd zah\u0155\u0148a cel\u00fd svet: \u201eVidie\u0165 o\u010dami obrazotvornosti synag\u00f3gy, mest\u00e1 a\u00a0dediny, v\u00a0ktor\u00fdch Kristus, n\u00e1\u0161 P\u00e1n, k\u00e1zal.\u201c (DC 91) Potom je to rozpr\u00e1vanie \u013eudsk\u00e9ho kr\u00e1\u013ea, ktor\u00fd hovor\u00ed svojim poddan\u00fdm: \u201eMojou v\u00f4\u013eou je z\u00edska\u0165 v\u0161etky krajiny neveriacich.\u201c (DC 93)<\/p>\n<p style=\"text-align: justify;\">Tieto v\u0161etky skuto\u010dnosti aplikuje sv. Ign\u00e1c na Je\u017ei\u0161a, ktor\u00fd ako ve\u010dn\u00fd Kr\u00e1\u013e adresuje svoje volanie ka\u017ed\u00e9mu jednotlivcovi osobitne a\u00a0hovor\u00ed: \u201eMojou v\u00f4\u013eou je z\u00edska\u0165 cel\u00fd svet.\u201c (DC 95) Preto Je\u017ei\u0161 posiela svojich nasledovn\u00edkov a\u00a0priate\u013eov do sveta a\u00a0odpor\u00fa\u010da im, aby sa usilovali v\u0161etk\u00fdm pom\u00e1ha\u0165. (por. DC 146)<\/p>\n<p style=\"text-align: justify;\">Sv\u00e4t\u00fd Ign\u00e1c zah\u0155\u0148a do svojej spirituality cel\u00fd svet \u2013 univerzum, ako to urobil Je\u017ei\u0161 \u2013 i\u010fte do cel\u00e9ho sveta a\u00a0ohlasujte Evanjelium. Ide predov\u0161etk\u00fdm o\u00a0apo\u0161tol\u00e1t, o\u00a0misiu, ktor\u00e1 obj\u00edma cel\u00fd svet. Slovo \u2013 univerz\u00e1lny alebo univerz\u00e1lnos\u0165 \u2013 sv. Ign\u00e1c pripom\u00edna e\u0161te aj v\u00a0kontempl\u00e1cii o \u201eNadobudnut\u00ed l\u00e1sky\u201c: \u201eVenujem pozornos\u0165 tomu, ako v\u0161etky dobr\u00e1 a\u00a0v\u0161etky dary zostupuj\u00fa zhora.\u201c (DC 237) Pre sv. Ign\u00e1ca je pojem \u201euniverz\u00e1lny alebo univerz\u00e1lnos\u0165\u201c nie nie\u010do statick\u00e9, ale naopak nie\u010do dynamick\u00e9. Obsahuje v\u00a0sebe disponibilitu, ochotu \u00eds\u0165 kdeko\u013evek, na rozli\u010dn\u00e9 miesta, do ktorejko\u013evek krajiny sveta a\u00a0by\u0165 poslan\u00fd tam alebo kde sa o\u010dak\u00e1va v\u00e4\u010d\u0161ia slu\u017eba Bohu\u00a0 a\u00a0v\u00e4\u010d\u0161ia pomoc du\u0161iam. Na tomto sa zaklad\u00e1 aj tzv. \u0161peci\u00e1lny s\u013eub, ktor\u00fd robia jezuiti, \u0161peci\u00e1lny s\u013eub poslu\u0161nosti Sv\u00e4t\u00e9mu Otcovi, \u00eds\u0165 kdeko\u013evek je potrebn\u00e9 \u00eds\u0165 a\u00a0prinies\u0165 Evanjelium. Z\u00e1klad cel\u00e9ho univerz\u00e1lneho poslania Spolo\u010dnosti Je\u017ei\u0161ovej je teda v\u00a0Duchovn\u00fdch cvi\u010deniach. Odtia\u013eto pramen\u00ed konkr\u00e9tny apo\u0161tol\u00e1t, ktor\u00fd Spolo\u010dnos\u0165 Je\u017ei\u0161ova rob\u00ed: intelektu\u00e1lny, duchovn\u00fd, soci\u00e1lny, kult\u00farny at\u010f. Okrem toho do svojho univerz\u00e1lneho poslania zara\u010fuje medzin\u00e1bo\u017eensk\u00fd dial\u00f3g, ekumenizmus, podporovanie spravodlivosti at\u010f.<\/p>\n<p style=\"text-align: justify;\">Univerz\u00e1lne poslanie Spolo\u010dnosti Je\u017ei\u0161ovej vych\u00e1dza z\u00a0Duchovn\u00fdch cvi\u010den\u00ed, ktor\u00e9 s\u00fa cestou sv. Ign\u00e1ca. 35. GK Spolo\u010dnosti Je\u017ei\u0161ovej hovor\u00ed: Sv. Ign\u00e1c videl, \u017ee svet je miesto, kde pracuje Boh; svet, ktor\u00fd je pln\u00fd jeho v\u00fdziev a\u00a0jeho pr\u00edtomnosti. Kristov Duch pracuje vo v\u0161etk\u00fdch miestach a\u00a0situ\u00e1ci\u00e1ch, v\u0161ade m\u00f4\u017eeme vidie\u0165 Bo\u017eiu pr\u00edtomnos\u0165 a\u00a0aktivitu. Jezuiti in\u0161pirovan\u00ed Duchovn\u00fdmi cvi\u010deniami s\u00fa i\u00a0dnes ochotn\u00ed sl\u00fa\u017ei\u0165 Kristovmu univerz\u00e1lnemu poslaniu a\u00a0to na celom svete.<\/p>\n<p style=\"text-align: justify;\">Na z\u00e1ver chcem pripomen\u00fa\u0165 dva zauj\u00edmav\u00e9 v\u00fdroky, ktor\u00e9 hovoria o\u00a0univerz\u00e1lnom poslan\u00ed Spolo\u010dnosti Je\u017ei\u0161ovej. Prv\u00fd vyslovil p\u00e1ter Hieronym Nadal, ktor\u00fd povedal: \u201eSvet je n\u00e1\u0161 dom.\u201c A\u00a0druh\u00fd vyslovil p\u00e1ter Peter Hans Kolvenbach: \u201eStabiln\u00e9 kl\u00e1\u0161tory n\u00e1m nesta\u010dia, preto\u017ee sme dostali cel\u00fd svet, aby sme mu zvestovali evanjelium. Nezatv\u00e1rame sa v\u00a0kl\u00e1\u0161tore, ale zost\u00e1vame vo svete medzi mno\u017estvom mu\u017eov a\u00a0\u017eien, ktor\u00fdch P\u00e1n miluje, odkedy s\u00fa na svete.\u201c V\u0161etci mu\u017ei a\u00a0\u017eeny s\u00fa predmetom n\u00e1\u0161ho z\u00e1ujmu o\u00a0dial\u00f3g a\u00a0ohlasovanie, preto\u017ee na\u0161e poslanie od Cirkvi je: objavi\u0165 Je\u017ei\u0161a Krista tam, kde sme ho predt\u00fdm nezbadali, a\u00a0zjavi\u0165 ho tam, kde predt\u00fdm nebol viden\u00fd.<\/p>\n","protected":false},"excerpt":{"rendered":"<p>&#8222;Mojou v\u00f4\u013eou je z\u00edska\u0165 cel\u00fd svet&#8220; (DC 95) V\u00a0medit\u00e1cii o\u00a0Vtelen\u00ed sv. Ign\u00e1c p\u00ed\u0161e: \u201eRozpam\u00e4t\u00e1m sa na udalos\u0165, ktor\u00fa chcem kontemplova\u0165. V\u00a0tomto pr\u00edpade, ako tri Bo\u017esk\u00e9 Osoby h\u013eadeli na cel\u00fd povrch alebo na okruh cel\u00e9ho sveta preplnen\u00e9ho \u013eu\u010fmi.\u201c (DC 102) T\u00edto \u013eudia s\u00fa, ako p\u00ed\u0161e: \u201ejedni s\u00fa bieli, druh\u00ed \u010dierni, jedni v\u00a0mieri, druh\u00ed vo vojne, jedni&hellip;&nbsp;<a href=\"https:\/\/ignacianskaspiritualita.sk\/index.php\/2010\/05\/univerzalne-poslanie-spolocnosti-jezisovej\/\" rel=\"bookmark\">\u010c\u00edta\u0165 viac &raquo;<span class=\"screen-reader-text\">Univerz\u00e1lne poslanie Spolo\u010dnosti Je\u017ei\u0161ovej<\/span><\/a><\/p>\n","protected":false},"author":2,"featured_media":0,"comment_status":"closed","ping_status":"closed","sticky":false,"template":"","format":"standard","meta":{"neve_meta_sidebar":"","neve_meta_container":"","neve_meta_enable_content_width":"","neve_meta_content_width":0,"neve_meta_title_alignment":"","neve_meta_author_avatar":"","neve_post_elements_order":"","neve_meta_disable_header":"","neve_meta_disable_footer":"","neve_meta_disable_title":"","_ti_tpc_template_sync":false,"_ti_tpc_template_id":""},"categories":[23],"tags":[75,151,159],"_links":{"self":[{"href":"https:\/\/ignacianskaspiritualita.sk\/index.php\/wp-json\/wp\/v2\/posts\/520"}],"collection":[{"href":"https:\/\/ignacianskaspiritualita.sk\/index.php\/wp-json\/wp\/v2\/posts"}],"about":[{"href":"https:\/\/ignacianskaspiritualita.sk\/index.php\/wp-json\/wp\/v2\/types\/post"}],"author":[{"embeddable":true,"href":"https:\/\/ignacianskaspiritualita.sk\/index.php\/wp-json\/wp\/v2\/users\/2"}],"replies":[{"embeddable":true,"href":"https:\/\/ignacianskaspiritualita.sk\/index.php\/wp-json\/wp\/v2\/comments?post=520"}],"version-history":[{"count":0,"href":"https:\/\/ignacianskaspiritualita.sk\/index.php\/wp-json\/wp\/v2\/posts\/520\/revisions"}],"wp:attachment":[{"href":"https:\/\/ignacianskaspiritualita.sk\/index.php\/wp-json\/wp\/v2\/media?parent=520"}],"wp:term":[{"taxonomy":"category","embeddable":true,"href":"https:\/\/ignacianskaspiritualita.sk\/index.php\/wp-json\/wp\/v2\/categories?post=520"},{"taxonomy":"post_tag","embeddable":true,"href":"https:\/\/ignacianskaspiritualita.sk\/index.php\/wp-json\/wp\/v2\/tags?post=520"}],"curies":[{"name":"wp","href":"https:\/\/api.w.org\/{rel}","templated":true}]}}