{"id":2096,"date":"2021-04-30T17:45:12","date_gmt":"2021-04-30T17:45:12","guid":{"rendered":"http:\/\/ignacianskaspiritualita.sk\/?p=2096"},"modified":"2021-04-30T17:46:31","modified_gmt":"2021-04-30T17:46:31","slug":"duchovne-cvicenia-v-nasom-zivote-1","status":"publish","type":"post","link":"https:\/\/ignacianskaspiritualita.sk\/index.php\/2021\/04\/duchovne-cvicenia-v-nasom-zivote-1\/","title":{"rendered":"Duchovn\u00e9 cvi\u010denia v na\u0161om \u017eivote 1"},"content":{"rendered":"\n<p class=\"justify\">P\u00e1pe\u017e Franti\u0161ek tvrd\u00ed, \u017ee rok 2021 je \u010das, ktor\u00fd nesmieme strati\u0165. M\u00e1me ho m\u00fadro pre\u017ei\u0165. Ka\u017ed\u00fd \u010das, aj \u010das pand\u00e9mie, m\u00f4\u017ee by\u0165 pre n\u00e1s darom, pr\u00edle\u017eitos\u0165ou a \u0161ancou \u013eudsky aj kres\u0165ansky&nbsp;r\u00e1s\u0165 a dozrieva\u0165. Sv\u00e4t\u00fd Otec pr\u00edzvukuje, \u017ee z pand\u00e9mie nevyjdeme t\u00ed ist\u00ed, bu\u010f vyjdeme lep\u0161\u00ed alebo hor\u0161\u00ed. P\u00e1pe\u017e Benedikt XVI. povedal: \u201eKe\u010f je v hre \u013eudsk\u00fd \u017eivot, v\u017edy je m\u00e1lo \u010dasu. A&nbsp;v hre je v\u017edy n\u00e1\u0161 \u013eudsk\u00fd \u017eivot.\u201c<\/p>\n\n\n\n<p class=\"justify\">Duchovn\u00e9 cvi\u010denia sv\u00e4t\u00e9ho Ign\u00e1ca chc\u00fa by\u0165 v&nbsp;slu\u017ebe n\u00e1\u0161ho \u017eivota. Kr\u00edza dne\u0161n\u00e9ho \u010dloveka je najm\u00e4 kr\u00edzou zmyslu \u017eivota. \u010clovek za\u010dal experimentova\u0165, ba hazardova\u0165 so svoj\u00edm osobn\u00fdm, man\u017eelsk\u00fdm, rodinn\u00fdm \u017eivotom bez toho, aby zoh\u013ead\u0148oval jeho zmysel a cie\u013e. A&nbsp;pr\u00e1ve duchovn\u00e9 cvi\u010denia s\u00fa&nbsp;darom pre&nbsp;\u013eud\u00ed, ktor\u00ed chc\u00fa&nbsp;spozna\u0165 cie\u013e a&nbsp;zmysel svojho \u017eivota a chc\u00fa si usporiada\u0165 \u017eivot pod\u013ea Bo\u017eej pravdy, ktorou je l\u00e1ska.<\/p>\n\n\n\n<p class=\"justify\">Exerc\u00edcie n\u00e1s u\u010dia vyzna\u0165 sa v&nbsp;sebe a&nbsp;duchovne rozli\u0161ova\u0165, aby sme sa nedali vies\u0165 nezriaden\u00fdmi n\u00e1klonnos\u0165ami, ale v\u00f4\u013eou Stvorite\u013ea. Boh chce, aby sme mali \u017eivot a&nbsp;mali ho v&nbsp;hojnosti, aby sme mali rados\u0165 a&nbsp;to \u00fapln\u00fa. \u010c\u00edm viac Je\u017ei\u0161a pozn\u00e1me a&nbsp;milujeme, t\u00fdm viac sme schopn\u00ed \u017ei\u0165 skuto\u010dn\u00fdm \u017eivotom.<\/p>\n\n\n\n<p class=\"has-text-align-center\"><strong>S \u010d\u00edm vstupova\u0165 do duchovn\u00fdch cvi\u010den\u00ed<\/strong><\/p>\n\n\n\n<p class=\"justify\">Duchovn\u00e9 cvi\u010denia si spravidla rob\u00edme v&nbsp;exerci\u010dn\u00fdch domoch, kde s\u00fa k&nbsp;tomu vytvoren\u00e9 podmienky. Pre t\u00fdch, ktor\u00ed si ich tam nem\u00f4\u017eu robi\u0165, je mo\u017enos\u0165 urobi\u0165 si duchovn\u00e9 cvi\u010denia v&nbsp;ka\u017edodennom \u017eivote. Tie m\u00f4\u017eu trva\u0165 krat\u0161\u00ed alebo dlh\u0161\u00ed \u010das, bu\u010f nieko\u013eko dn\u00ed, t\u00fd\u017ed\u0148ov, ba aj mesiacov. Mo\u017eno si ich robi\u0165 osobitne, ka\u017ed\u00fd s\u00e1m, alebo v&nbsp;malej skupine, aj doma v&nbsp;rodine.<\/p>\n\n\n\n<p class=\"justify\">Predpokladom je opravdiv\u00e1 t\u00fa\u017eba osobne sa streta\u0165 s&nbsp;Bohom v&nbsp;modlitbe Bo\u017eieho slova. K&nbsp;tomu nemo\u017eno nikoho n\u00fati\u0165. Boh re\u0161pektuje na\u0161u slobodu a&nbsp;chce sa s&nbsp;nami stretn\u00fa\u0165 a&nbsp;chce v&nbsp;n\u00e1s p\u00f4sobi\u0165 v&nbsp;slobode a&nbsp;v l\u00e1ske.<\/p>\n\n\n\n<p class=\"justify\">\u010ealej je d\u00f4le\u017eit\u00e9, aby sme do duchovn\u00fdch cvi\u010den\u00ed vstupovali s&nbsp;vierou, \u017ee Boh k n\u00e1m hovor\u00ed celkom osobne. Preto m\u00e1me najprv po\u010d\u00fava\u0165, vn\u00edma\u0165, ak\u00e9 my\u0161lienky, t\u00fa\u017eby, city v n\u00e1s Boh preb\u00fadza, a&nbsp;potom na ne odpoveda\u0165. V&nbsp;duchovn\u00fdch cvi\u010deniach je najd\u00f4le\u017eitej\u0161ia modlitba, ktorou sa otv\u00e1rame Bohu a&nbsp;chceme, aby ako P\u00e1n vst\u00fapil do n\u00e1\u0161ho \u017eivota a&nbsp;bol n\u00e1m cestou, pravdou a&nbsp;\u017eivotom.<\/p>\n\n\n\n<p class=\"has-text-align-center\"><strong>Ako si ich urobi\u0165 doma<\/strong><\/p>\n\n\n\n<p class=\"justify\">Pre duchovn\u00e9 cvi\u010denia doma je potrebn\u00e9 si zvoli\u0165 a&nbsp;ur\u010di\u0165, ko\u013eko dn\u00ed im budeme venova\u0165. Dobrou radou je rad\u0161ej si zvoli\u0165 menej a&nbsp;splni\u0165, \u010do si napl\u00e1nujeme, ako si d\u00e1va\u0165 pr\u00edli\u0161 ve\u013ek\u00e9 pl\u00e1ny a&nbsp;nesplni\u0165. Cel\u00fd P\u00f4st m\u00f4\u017ee by\u0165 vhodn\u00fd k tomu, aby sme si denne vyhradili \u010das na modlitbu Bo\u017e\u00edm slovom. To z\u00e1le\u017e\u00ed na ka\u017edom z&nbsp;n\u00e1s, mo\u017eno si niekto m\u00f4\u017ee vyhradi\u0165 iba piatok, sobotu, nede\u013eu \u010di Sv\u00e4t\u00fd t\u00fd\u017ede\u0148, alebo len jeden de\u0148.<\/p>\n\n\n\n<p class=\"justify\">Tie\u017e si treba ur\u010di\u0165 miesto a&nbsp;pevn\u00fd \u010das, ktor\u00fd venujeme modlitbe. Ke\u010f sa rodi\u010dia musia stara\u0165 o&nbsp;mal\u00e9 deti, m\u00f4\u017eu sa dohodn\u00fa\u0165, kedy sa ka\u017ed\u00fd z&nbsp;nich bude modli\u0165. V&nbsp;byte si m\u00f4\u017eeme vytvori\u0165 ak\u00fdsi modlitbov\u00fd k\u00fatik a&nbsp;potrebn\u00e9 ticho, lebo Boh hovor\u00ed v&nbsp;tichu. Ak ho chceme naozaj po\u010du\u0165, mus\u00edme sa st\u00ed\u0161i\u0165. Inak sa m\u00f4\u017ee sta\u0165, \u017ee ho nepripust\u00edme k&nbsp;slovu. Je dobr\u00e9 vypn\u00fa\u0165 telev\u00edzor, r\u00e1dio, internet, mobil. Tento \u010das venujme iba Bohu. Vieme, \u017ee to je n\u00e1ro\u010dn\u00e9, len\u017ee to je predpoklad dobre pre\u017eit\u00fdch exerc\u00edci\u00ed. Rovnako je potrebn\u00e9 dodr\u017ea\u0165 \u010das na modlitbu a neskracova\u0165 ho ani pr\u00edli\u0161 nepredl\u017eova\u0165.<\/p>\n\n\n\n<p class=\"justify\">Do modlitby je dobr\u00e9 vstupova\u0165 so z\u00e1ujmom, \u010do n\u00e1m Boh povie. M\u00f4\u017eeme mu ako Samuel hovori\u0165: <em>Hovor, Pane, po\u010d\u00favam \u0165a.<\/em> Nedajme sa odradi\u0165, ak n\u00e1m modlitba nejde. \u0164a\u017ekosti v&nbsp;modlitbe nie s\u00fa prek\u00e1\u017ekou, ale v\u00fdzvou \u010daka\u0165 v&nbsp;pokore a&nbsp;d\u00f4vere, \u010do n\u00e1m P\u00e1n povie. On m\u00f4\u017ee hovori\u0165 aj ml\u010dan\u00edm, preto sa pred modlitbou st\u00ed\u0161me, vzbu\u010fme si vieru v&nbsp;jeho pr\u00edtomnos\u0165 a&nbsp;prosme Ducha Sv\u00e4t\u00e9ho, aby sa v&nbsp;n\u00e1s modlil.<\/p>\n","protected":false},"excerpt":{"rendered":"<p>P\u00e1pe\u017e Franti\u0161ek tvrd\u00ed, \u017ee rok 2021 je \u010das, ktor\u00fd nesmieme strati\u0165. M\u00e1me ho m\u00fadro pre\u017ei\u0165. Ka\u017ed\u00fd \u010das, aj \u010das pand\u00e9mie, m\u00f4\u017ee by\u0165 pre n\u00e1s darom, pr\u00edle\u017eitos\u0165ou a \u0161ancou \u013eudsky aj kres\u0165ansky&nbsp;r\u00e1s\u0165 a dozrieva\u0165. Sv\u00e4t\u00fd Otec pr\u00edzvukuje, \u017ee z pand\u00e9mie nevyjdeme t\u00ed ist\u00ed, bu\u010f vyjdeme lep\u0161\u00ed alebo hor\u0161\u00ed. P\u00e1pe\u017e Benedikt XVI. povedal: \u201eKe\u010f je v hre&hellip;&nbsp;<a href=\"https:\/\/ignacianskaspiritualita.sk\/index.php\/2021\/04\/duchovne-cvicenia-v-nasom-zivote-1\/\" rel=\"bookmark\">\u010c\u00edta\u0165 viac &raquo;<span class=\"screen-reader-text\">Duchovn\u00e9 cvi\u010denia v na\u0161om \u017eivote 1<\/span><\/a><\/p>\n","protected":false},"author":4,"featured_media":2097,"comment_status":"closed","ping_status":"closed","sticky":false,"template":"","format":"standard","meta":{"neve_meta_sidebar":"","neve_meta_container":"","neve_meta_enable_content_width":"","neve_meta_content_width":0,"neve_meta_title_alignment":"","neve_meta_author_avatar":"","neve_post_elements_order":"","neve_meta_disable_header":"","neve_meta_disable_footer":"","neve_meta_disable_title":"","_ti_tpc_template_sync":false,"_ti_tpc_template_id":""},"categories":[193,195],"tags":[65,82,83,108,127],"_links":{"self":[{"href":"https:\/\/ignacianskaspiritualita.sk\/index.php\/wp-json\/wp\/v2\/posts\/2096"}],"collection":[{"href":"https:\/\/ignacianskaspiritualita.sk\/index.php\/wp-json\/wp\/v2\/posts"}],"about":[{"href":"https:\/\/ignacianskaspiritualita.sk\/index.php\/wp-json\/wp\/v2\/types\/post"}],"author":[{"embeddable":true,"href":"https:\/\/ignacianskaspiritualita.sk\/index.php\/wp-json\/wp\/v2\/users\/4"}],"replies":[{"embeddable":true,"href":"https:\/\/ignacianskaspiritualita.sk\/index.php\/wp-json\/wp\/v2\/comments?post=2096"}],"version-history":[{"count":2,"href":"https:\/\/ignacianskaspiritualita.sk\/index.php\/wp-json\/wp\/v2\/posts\/2096\/revisions"}],"predecessor-version":[{"id":2100,"href":"https:\/\/ignacianskaspiritualita.sk\/index.php\/wp-json\/wp\/v2\/posts\/2096\/revisions\/2100"}],"wp:featuredmedia":[{"embeddable":true,"href":"https:\/\/ignacianskaspiritualita.sk\/index.php\/wp-json\/wp\/v2\/media\/2097"}],"wp:attachment":[{"href":"https:\/\/ignacianskaspiritualita.sk\/index.php\/wp-json\/wp\/v2\/media?parent=2096"}],"wp:term":[{"taxonomy":"category","embeddable":true,"href":"https:\/\/ignacianskaspiritualita.sk\/index.php\/wp-json\/wp\/v2\/categories?post=2096"},{"taxonomy":"post_tag","embeddable":true,"href":"https:\/\/ignacianskaspiritualita.sk\/index.php\/wp-json\/wp\/v2\/tags?post=2096"}],"curies":[{"name":"wp","href":"https:\/\/api.w.org\/{rel}","templated":true}]}}