{"id":2086,"date":"2021-02-28T09:37:13","date_gmt":"2021-02-28T09:37:13","guid":{"rendered":"http:\/\/ignacianskaspiritualita.sk\/?p=2086"},"modified":"2021-02-28T09:40:25","modified_gmt":"2021-02-28T09:40:25","slug":"bohu-patri-zem-a-vsetko-co-je-na-nej","status":"publish","type":"post","link":"https:\/\/ignacianskaspiritualita.sk\/index.php\/2021\/02\/bohu-patri-zem-a-vsetko-co-je-na-nej\/","title":{"rendered":"Bohu patr\u00ed zem a v\u0161etko, \u010do je na nej"},"content":{"rendered":"\n<p class=\"justify\">&#8222;P\u00e1nova je zem i v\u0161etko, \u010do ju nap\u013a\u0148a, okruh zeme aj t\u00ed, \u010do b\u00fdvaj\u00fa na \u0148om. Ve\u010f on s\u00e1m polo\u017eil jeho z\u00e1klady na moriach a upevnil ho na vod\u00e1ch.&#8220; (\u017d 24, 1-2)\u00a0<\/p>\n\n\n\n<p class=\"justify\">&#8222;My nie sme Boh. Zem tu bola pred nami a bola n\u00e1m dan\u00e1. Ka\u017ed\u00e9 spolo\u010denstvo si m\u00f4\u017ee bra\u0165 z dobra zeme to, \u010do potrebuje na vlastn\u00e9 pre\u017eitie, ale m\u00e1 aj povinnos\u0165 chr\u00e1ni\u0165 ju a zaru\u010di\u0165 trvanie jej plodnosti pre bud\u00face gener\u00e1cie. V kone\u010dnom d\u00f4sledku P\u00e1nova je zem, jemu patr\u00ed zem a v\u0161etko, \u010do je na nej. Boh preto odmieta ka\u017ed\u00fd n\u00e1rok na absol\u00fatne vlastn\u00edctvo.&#8220; (Laudato si 67)<\/p>\n\n\n\n<p class=\"has-text-align-center\">Uva\u017eujme<\/p>\n\n\n\n<p class=\"justify\">Bo\u017eie slovo n\u00e1m zvestuje, \u017ee my nie sme p\u00f4vodcami ani p\u00e1nmi stvoren\u00e9ho sveta. P\u00e1nova je zem i\u00a0v\u0161etko, \u010do je na nej. Stvorenie sveta je spolo\u010dn\u00fdm dielom Najsv\u00e4tej\u0161ej Trojice. Stvoren\u00fd svet je Bo\u017e\u00edm dielom a\u00a0darom pre v\u0161etk\u00fdch, smeruje k\u00a0jedin\u00e9mu cie\u013eu, ktor\u00fdm je dobro, kr\u00e1sa a\u00a0pravda n\u00e1\u0161ho P\u00e1na. Naozaj, my nie sme Boh. A ke\u010f v\u00a0na\u0161om \u017eivote Boh prest\u00e1va by\u0165 Bohom, ke\u010f za\u010dneme sebecky pristupova\u0165 k\u00a0v\u0161etk\u00e9mu, \u010do stvoril, potom si kopeme hrob neporozumenia seba sam\u00fdch a\u00a0v\u0161etk\u00e9ho, \u010do jestvuje. Pripravujeme si stratu vlastnej toto\u017enosti, ni\u010denie a zne\u010dis\u0165ovanie svojho vn\u00fatra a\u00a0svojho \u017eivotn\u00e9ho prostredia, chyst\u00e1me si vlastn\u00fa z\u00e1hubu. Ke\u010f ni\u010d\u00edme pr\u00edrodu, ni\u010d\u00edme seba sam\u00fdch. Nemus\u00edme si to dokazova\u0165, sta\u010d\u00ed sa pozrie\u0165 na zne\u010disten\u00fd svet, v\u00a0ktorom \u017eijeme. Vid\u00edme, \u017ee v\u0161etko navz\u00e1jom s\u00favis\u00ed, nijak\u00e9 kr\u00edzy nie s\u00fa odl\u00fa\u010den\u00e9 od seba. Kr\u00edza v\u00a0s\u00favislosti so \u017eivotn\u00fdm prostred\u00edm si vy\u017eaduje skuto\u010dn\u00fa zmenu n\u00e1\u0161ho zm\u00fd\u0161\u013eania. Ak neuver\u00edme, neobstoj\u00edme, preto nech je v\u00a0na\u0161om \u017eivote Boh na prvom mieste, nech je v\u00a0n\u00e1s l\u00e1ska k\u00a0Bohu, k\u00a0sebe navz\u00e1jom a\u00a0k\u00a0v\u0161etk\u00e9mu, \u010do stvoril.<\/p>\n\n\n\n<p class=\"has-text-align-center\">Modlime sa<\/p>\n\n\n\n<p class=\"justify\">Dobr\u00fd Bo\u017ee, \u010fakujeme ti za v\u0161etko, \u010do\u00a0si stvoril. Nedaj n\u00e1m nikdy zabudn\u00fa\u0165, \u017ee sme tvoje dielo a ty si n\u00e1\u0161\u00a0P\u00e1n a Stvorite\u013e. Ty si stvoril v\u0161etky veci, z\u00a0tvojej v\u00f4le boli a\u00a0s\u00fa stvoren\u00e9. Ver\u00edme, \u017ee tvoja je zem a tvoji sme aj my. Pros\u00edme, daj, aby sme \u017eili touto vierou, ktor\u00e1 nech n\u00e1s obdar\u00fava svetlom a l\u00e1skou, aby sme mohli by\u0165 sami sebou a\u00a0st\u00e1va\u0165 sa\u00a0darom pre druh\u00fdch. Zakon\u010dime modlitbou:<\/p>\n\n\n\n<p class=\"has-text-align-center\">L\u00e1skav\u00fd Bo\u017ee, Stvorite\u013e neba, zeme a&nbsp;v\u0161etk\u00e9ho, \u010do je v nich,<\/p>\n\n\n\n<p class=\"has-text-align-center\">otvor na\u0161e mysle a dotkni sa na\u0161ich s\u0155dc,<\/p>\n\n\n\n<p class=\"has-text-align-center\">aby sme mohli by\u0165 s\u00fa\u010das\u0165ou stvorenstva, tvojho daru.<\/p>\n\n\n\n<p class=\"has-text-align-center\">Stoj pri n\u00fadznych v t\u00fdchto \u0165a\u017ek\u00fdch \u010dasoch,<\/p>\n\n\n\n<p class=\"has-text-align-center\">osobitne pri t\u00fdch najchudobnej\u0161\u00edch a najzranite\u013enej\u0161\u00edch.<\/p>\n\n\n\n<p class=\"has-text-align-center\">Pom\u00e1haj n\u00e1m preukazova\u0165 tvoriv\u00fa solid\u00e1rnos\u0165<\/p>\n\n\n\n<p class=\"has-text-align-center\">pri \u010delen\u00ed d\u00f4sledkom tejto glob\u00e1lnej pand\u00e9mie.<\/p>\n\n\n\n<p class=\"has-text-align-center\">Urob n\u00e1s odv\u00e1\u017enymi v prij\u00edman\u00ed zmien sleduj\u00facich \u00fasilie o spolo\u010dn\u00e9 dobro.<\/p>\n\n\n\n<p class=\"has-text-align-center\">Teraz, ke\u010f viac ne\u017e inokedy c\u00edtime, \u017ee sme v\u0161etci vz\u00e1jomne prepojen\u00ed a na sebe z\u00e1visl\u00ed.<\/p>\n\n\n\n<p class=\"has-text-align-center\">Zaria\u010f, aby sme dok\u00e1zali po\u010d\u00fava\u0165 a odpoveda\u0165<\/p>\n\n\n\n<p class=\"has-text-align-center\">na volanie zeme a na volanie chudobn\u00fdch.<\/p>\n\n\n\n<p class=\"has-text-align-center\">Kie\u017e sa s\u00fa\u010dasn\u00e9 utrpenia stan\u00fa p\u00f4rodn\u00fdmi boles\u0165ami<\/p>\n\n\n\n<p class=\"has-text-align-center\">bratskej\u0161ieho a udr\u017eate\u013enej\u0161ieho sveta.<\/p>\n\n\n\n<p class=\"has-text-align-center\">Pred l\u00e1skypln\u00fdm poh\u013eadom Panny M\u00e1rie Pomocnice \u0165a pros\u00edme<\/p>\n\n\n\n<p class=\"has-text-align-center\">skrze Krista, n\u00e1\u0161ho P\u00e1na. Amen.<\/p>\n","protected":false},"excerpt":{"rendered":"<p>&#8222;P\u00e1nova je zem i v\u0161etko, \u010do ju nap\u013a\u0148a, okruh zeme aj t\u00ed, \u010do b\u00fdvaj\u00fa na \u0148om. Ve\u010f on s\u00e1m polo\u017eil jeho z\u00e1klady na moriach a upevnil ho na vod\u00e1ch.&#8220; (\u017d 24, 1-2)\u00a0 &#8222;My nie sme Boh. Zem tu bola pred nami a bola n\u00e1m dan\u00e1. Ka\u017ed\u00e9 spolo\u010denstvo si m\u00f4\u017ee bra\u0165 z dobra zeme to, \u010do&hellip;&nbsp;<a href=\"https:\/\/ignacianskaspiritualita.sk\/index.php\/2021\/02\/bohu-patri-zem-a-vsetko-co-je-na-nej\/\" rel=\"bookmark\">\u010c\u00edta\u0165 viac &raquo;<span class=\"screen-reader-text\">Bohu patr\u00ed zem a v\u0161etko, \u010do je na nej<\/span><\/a><\/p>\n","protected":false},"author":4,"featured_media":2087,"comment_status":"closed","ping_status":"closed","sticky":false,"template":"","format":"standard","meta":{"neve_meta_sidebar":"","neve_meta_container":"","neve_meta_enable_content_width":"","neve_meta_content_width":0,"neve_meta_title_alignment":"","neve_meta_author_avatar":"","neve_post_elements_order":"","neve_meta_disable_header":"","neve_meta_disable_footer":"","neve_meta_disable_title":"","_ti_tpc_template_sync":false,"_ti_tpc_template_id":""},"categories":[193,194],"tags":[97,100,108,127,150],"_links":{"self":[{"href":"https:\/\/ignacianskaspiritualita.sk\/index.php\/wp-json\/wp\/v2\/posts\/2086"}],"collection":[{"href":"https:\/\/ignacianskaspiritualita.sk\/index.php\/wp-json\/wp\/v2\/posts"}],"about":[{"href":"https:\/\/ignacianskaspiritualita.sk\/index.php\/wp-json\/wp\/v2\/types\/post"}],"author":[{"embeddable":true,"href":"https:\/\/ignacianskaspiritualita.sk\/index.php\/wp-json\/wp\/v2\/users\/4"}],"replies":[{"embeddable":true,"href":"https:\/\/ignacianskaspiritualita.sk\/index.php\/wp-json\/wp\/v2\/comments?post=2086"}],"version-history":[{"count":2,"href":"https:\/\/ignacianskaspiritualita.sk\/index.php\/wp-json\/wp\/v2\/posts\/2086\/revisions"}],"predecessor-version":[{"id":2090,"href":"https:\/\/ignacianskaspiritualita.sk\/index.php\/wp-json\/wp\/v2\/posts\/2086\/revisions\/2090"}],"wp:featuredmedia":[{"embeddable":true,"href":"https:\/\/ignacianskaspiritualita.sk\/index.php\/wp-json\/wp\/v2\/media\/2087"}],"wp:attachment":[{"href":"https:\/\/ignacianskaspiritualita.sk\/index.php\/wp-json\/wp\/v2\/media?parent=2086"}],"wp:term":[{"taxonomy":"category","embeddable":true,"href":"https:\/\/ignacianskaspiritualita.sk\/index.php\/wp-json\/wp\/v2\/categories?post=2086"},{"taxonomy":"post_tag","embeddable":true,"href":"https:\/\/ignacianskaspiritualita.sk\/index.php\/wp-json\/wp\/v2\/tags?post=2086"}],"curies":[{"name":"wp","href":"https:\/\/api.w.org\/{rel}","templated":true}]}}