{"id":2076,"date":"2021-02-20T15:11:37","date_gmt":"2021-02-20T15:11:37","guid":{"rendered":"http:\/\/ignacianskaspiritualita.sk\/?p=2076"},"modified":"2021-02-20T15:24:54","modified_gmt":"2021-02-20T15:24:54","slug":"idem-do-toho","status":"publish","type":"post","link":"https:\/\/ignacianskaspiritualita.sk\/index.php\/2021\/02\/idem-do-toho\/","title":{"rendered":"Idem do toho&#8230;"},"content":{"rendered":"\n<p class=\"has-text-align-center\">Pozrite si video, z&nbsp;ktor\u00e9ho sme prelo\u017eili nasleduj\u00faci rozhovor.<\/p>\n\n\n\n<figure class=\"wp-block-embed is-type-video is-provider-youtube wp-block-embed-youtube wp-embed-aspect-16-9 wp-has-aspect-ratio\"><div class=\"wp-block-embed__wrapper\">\n<div class=\"nv-iframe-embed\"><iframe title=\"VOCACI\u00d3N SACERDOTAL\" width=\"1200\" height=\"675\" src=\"https:\/\/www.youtube.com\/embed\/lE52ssqvmo0?feature=oembed&#038;enablejsapi=1&#038;origin=http:\/\/ignacianskaspiritualita.sk\" frameborder=\"0\" allow=\"accelerometer; autoplay; clipboard-write; encrypted-media; gyroscope; picture-in-picture\" allowfullscreen><\/iframe><\/div>\n<\/div><\/figure>\n\n\n\n<div class=\"wp-block-columns\">\n<div class=\"wp-block-column\" style=\"flex-basis:100%\">\n<div class=\"wp-block-group\"><div class=\"wp-block-group__inner-container\">\n<div class=\"wp-block-columns\">\n<div class=\"wp-block-column\" style=\"flex-basis:100%\">\n<p>Nakoniec som sa rozhodol. U\u017e to m\u00e1m jasn\u00e9. Idem do toho teraz.<\/p>\n\n\n\n<p>Lebo tieto veci s\u00fa: bu\u010f teraz alebo nikdy, v\u0161etko alebo ni\u010d.<\/p>\n\n\n\n<p>Tak\u017ee&#8230; idem do semin\u00e1ra..<\/p>\n\n\n\n<p>-\u010co si povedal? To je prekvapenie, \u010dlove\u010de!<\/p>\n\n\n\n<p>\u00c1no, aj ja som ve\u013emi prekvapen\u00fd. A d\u00fafam, \u017ee to prekvapenie bude trva\u0165 st\u00e1le.<\/p>\n\n\n\n<p>Nechcem zasta\u0165.<\/p>\n\n\n\n<p>Nechcem presta\u0165 \u010fakova\u0165 Bohu za dar povolania pre\u017ei\u0165 toto dobrodru\u017estvo.<\/p>\n\n\n\n<p>Prejs\u0165 mno\u017estvo kilometrov a vidie\u0165 ho v\u0161ade, kde je to potrebn\u00e9.<\/p>\n\n\n\n<p>Vo svete, ktor\u00fd ho tak potrebuje.<\/p>\n\n\n\n<p>On Jedin\u00fd je schopn\u00fd osvieti\u0165 najtemnej\u0161ie chv\u00edle.<\/p>\n\n\n\n<p>Jedin\u00fd, kto m\u00f4\u017ee pote\u0161i\u0165 najviac zranen\u00e9 srdcia.<\/p>\n\n\n\n<p>Jedin\u00fd, kto m\u00f4\u017ee da\u0165 zmysel v naj\u0165a\u017e\u0161\u00edch situ\u00e1ci\u00e1ch.<\/p>\n\n\n\n<p>Ja nie som schopn\u00fd zastavi\u0165 utrpenie, ale m\u00f4\u017eem pr\u00eds\u0165 ku Kristovi a Kristus v\u017edy prin\u00e1\u0161a n\u00e1dej. Rados\u0165 vedie\u0165 milova\u0165 seba bezpodmiene\u010dne.<\/p>\n\n\n\n<p>Ke\u010f mu to dovol\u00edm urobi\u0165, Je\u017ei\u0161 pomaly premen\u00ed moje srdce na svoj obraz. Preto\u017ee Boh nechce vola\u0165 pripraven\u00fdch, ale pripravi\u0165 t\u00fdch, ktor\u00fdch vol\u00e1.<\/p>\n\n\n\n<p>Neuvedomujete si?!<\/p>\n\n\n\n<p>Ten, kto dal za m\u0148a svoj \u017eivot, teraz mi d\u00e1va pr\u00edle\u017eitos\u0165, aby som ja dal svoj \u017eivot za\u0148ho.<\/p>\n\n\n\n<p>Je\u017ei\u0161 je \u017eiv\u00fd! Stoj\u00ed to za to! Oplat\u00ed sa! Oplat\u00ed sa da\u0165 v\u0161etko!<\/p>\n\n\n\n<p>\u00c1no, som tak prekvapen\u00fd ako vy a d\u00fafam, \u017ee u\u017e nikdy neprestanem by\u0165 prekvapen\u00fd.<\/p>\n\n\n\n<p>&#8211; Ve\u013emi dobr\u00e9! Par\u00e1da! Si chlap\u00edk! Skvel\u00e9!<\/p>\n<\/div>\n<\/div>\n<\/div><\/div>\n<\/div>\n<\/div>\n\n\n\n<p class=\"has-text-align-center\"><\/p>\n","protected":false},"excerpt":{"rendered":"<p>Pozrite si video, z&nbsp;ktor\u00e9ho sme prelo\u017eili nasleduj\u00faci rozhovor.<\/p>\n","protected":false},"author":3,"featured_media":0,"comment_status":"closed","ping_status":"closed","sticky":false,"template":"","format":"standard","meta":{"neve_meta_sidebar":"","neve_meta_container":"","neve_meta_enable_content_width":"","neve_meta_content_width":0,"neve_meta_title_alignment":"","neve_meta_author_avatar":"","neve_post_elements_order":"","neve_meta_disable_header":"","neve_meta_disable_footer":"","neve_meta_disable_title":"","_ti_tpc_template_sync":false,"_ti_tpc_template_id":""},"categories":[192],"tags":[65,174,157,163],"_links":{"self":[{"href":"https:\/\/ignacianskaspiritualita.sk\/index.php\/wp-json\/wp\/v2\/posts\/2076"}],"collection":[{"href":"https:\/\/ignacianskaspiritualita.sk\/index.php\/wp-json\/wp\/v2\/posts"}],"about":[{"href":"https:\/\/ignacianskaspiritualita.sk\/index.php\/wp-json\/wp\/v2\/types\/post"}],"author":[{"embeddable":true,"href":"https:\/\/ignacianskaspiritualita.sk\/index.php\/wp-json\/wp\/v2\/users\/3"}],"replies":[{"embeddable":true,"href":"https:\/\/ignacianskaspiritualita.sk\/index.php\/wp-json\/wp\/v2\/comments?post=2076"}],"version-history":[{"count":5,"href":"https:\/\/ignacianskaspiritualita.sk\/index.php\/wp-json\/wp\/v2\/posts\/2076\/revisions"}],"predecessor-version":[{"id":2084,"href":"https:\/\/ignacianskaspiritualita.sk\/index.php\/wp-json\/wp\/v2\/posts\/2076\/revisions\/2084"}],"wp:attachment":[{"href":"https:\/\/ignacianskaspiritualita.sk\/index.php\/wp-json\/wp\/v2\/media?parent=2076"}],"wp:term":[{"taxonomy":"category","embeddable":true,"href":"https:\/\/ignacianskaspiritualita.sk\/index.php\/wp-json\/wp\/v2\/categories?post=2076"},{"taxonomy":"post_tag","embeddable":true,"href":"https:\/\/ignacianskaspiritualita.sk\/index.php\/wp-json\/wp\/v2\/tags?post=2076"}],"curies":[{"name":"wp","href":"https:\/\/api.w.org\/{rel}","templated":true}]}}