{"id":1657,"date":"2016-02-09T10:37:46","date_gmt":"2016-02-09T10:37:46","guid":{"rendered":"http:\/\/ignacianskaspiritualita.sk\/?p=1657"},"modified":"2016-02-09T10:37:46","modified_gmt":"2016-02-09T10:37:46","slug":"ignaciansky-svatopostny-cas","status":"publish","type":"post","link":"https:\/\/ignacianskaspiritualita.sk\/index.php\/2016\/02\/ignaciansky-svatopostny-cas\/","title":{"rendered":"ignaci\u00e1nsky sv\u00e4top\u00f4stny \u010das"},"content":{"rendered":"<p style=\"text-align: justify;\">Ako budeme po\u010du\u0165 v\u00a0Evanjeliu na Popolcov\u00fa stredu, sv\u00e4tosp\u00f4stna sk\u00fasenos\u0165 z\u00edskava konkr\u00e9tnu podobu v\u00a0almu\u017ene, modlitbe a\u00a0p\u00f4ste (Mt 6, 1-18). Takto sa pripravujeme na sl\u00e1venie Ve\u013ekej Noci, miluj\u00facej obety Je\u017ei\u0161ovej l\u00e1sky a\u00a0rob\u00edme to na z\u00e1klade na\u0161ej ignaci\u00e1nskej trad\u00edcie.<\/p>\n<p style=\"text-align: justify;\"><strong>Almu\u017ena je symbolick\u00e9 gesto mojej l\u00e1sky bl\u00ed\u017enemu:<\/strong> \u201el\u00e1ska sa mus\u00ed viac vlo\u017ei\u0165 do skutkov, ne\u017e do slov\u201c (DC 230). <strong>Sv. Ign\u00e1c tie\u017e rozv\u00edja s\u00e9riu odpor\u00fa\u010dan\u00ed o\u00a0rozde\u013eovan\u00ed almu\u017eien<\/strong>, ve\u013emi osobitn\u00fd zvyk jeho doby, ktor\u00e9 <strong>dnes m\u00f4\u017eeme prelo\u017ei\u0165 ako \u201ekrit\u00e9ri\u00e1 solidarity\u201c<\/strong>. Ign\u00e1c sa usiluje o\u00a0to, aby sme si dobre vybrali, s\u00a0poctiv\u00fdm a\u00a0\u010destn\u00fdm \u00famyslom, kto alebo ktor\u00ed bud\u00fa adres\u00e1tmi na\u0161ej l\u00e1sky. \u201eAk ja d\u00e1vam almu\u017enu pr\u00edbuzn\u00fdm alebo priate\u013eom alebo osob\u00e1m, ku ktor\u00fdm c\u00edtim sympatie &#8230; prv\u00e1 (vec, ktor\u00fa si mus\u00edm presk\u00fama\u0165) je, aby t\u00e1to l\u00e1ska, ktor\u00e1 ma poh\u00fdna a\u00a0n\u00fati ma d\u00e1va\u0165 almu\u017enu, zostupovala zhora, z\u00a0l\u00e1sky Boha, n\u00e1\u0161ho P\u00e1na, a aby som poc\u00edtil, \u017ee l\u00e1ska, ktor\u00fa m\u00e1m viac menej k\u00a0t\u00fdmto osob\u00e1m, je z\u00a0d\u00f4vodu Boha a\u00a0aby v pr\u00ed\u010dine, pre ktor\u00fa ich milujem, za\u017eiaril Boh\u201c (DC 338).<\/p>\n<p style=\"text-align: justify;\"><em>Koment\u00e1r<\/em>: \u010clovek by sa mal uisti\u0165 o\u00a0tom, \u017ee l\u00e1ska, ktor\u00fa c\u00edti k\u00a0t\u00fdmto osob\u00e1m je celkom bo\u017esk\u00e1 (\u201ezostupuje zhora), je od Boha a\u00a0kv\u00f4li Bohu. A\u00a0\u017ee v d\u00f4sledku toho, je pr\u00e1ve Bo\u017eia l\u00e1ska k\u00a0najchudobnej\u0161\u00edm t\u00e1, ktor\u00e1 ho poh\u00fdna rozd\u00e1va\u0165 takto almu\u017eny. Ignaci\u00e1nskym krit\u00e9riom pre rozde\u013eovanie almu\u017eien nie je \u010disto \u013eudsk\u00e1 solidarita ani \u010dist\u00e1 filantropia (l\u00e1ska k\u00a0\u013eu\u010fom), ale nadprirodzen\u00e1 l\u00e1ska, ktor\u00e1 \u201ezostupuje zhora\u201c, \u00fa\u010das\u0165 na \u201el\u00e1ske Boha, n\u00e1\u0161ho P\u00e1na\u201c, napr: \u201eCh\u00e1pem, \u017ee je lep\u0161ie da\u0165 chudobn\u00fdm, ke\u010f potreba nie je rovnak\u00e1 medzi pr\u00edbuzn\u00fdmi a\u00a0chudobn\u00fdmi, ktor\u00ed nie s\u00fa pr\u00edbuzn\u00ed; \u017ee za rovnak\u00fdch podmienok m\u00e1m viac robi\u0165 pre pr\u00edbuzn\u00fdch ne\u017e pre ostatn\u00fdch nepr\u00edbuzn\u00fdch.\u201c (z listu Jaime Cassador, 12.2.1536\/726)<\/p>\n<p style=\"text-align: justify;\"><strong>Modlitba je symbolick\u00e9 gesto mojej l\u00e1sky k\u00a0Bohu.<\/strong> Prostredn\u00edctvom modlitby vstupujeme do harm\u00f3nie s\u00a0odu\u0161evnenou l\u00e1skou Krista, hlavn\u00fd d\u00f4vod, prostredn\u00edctvom ktor\u00e9ho sa za n\u00e1s obetuje. Ign\u00e1c n\u00e1s poz\u00fdva k\u00a0tomu, aby sme sa nechali obja\u0165 a\u00a0zap\u00e1li\u0165 touto l\u00e1skou: \u201eviac vhodnej\u0161ie a\u00a0ove\u013ea lep\u0161ie je, aby pri h\u013eadan\u00ed Bo\u017eej v\u00f4le, s\u00e1m Stvorite\u013e a\u00a0P\u00e1n sa spojil s\u00a0jeho n\u00e1bo\u017enou du\u0161ou t\u00fdm, \u017ee ju obj\u00edme svojou l\u00e1skou a\u00a0chv\u00e1lou a\u00a0disponuje ju na cestu, na ktorej mu v\u00a0bud\u00facnosti bude lep\u0161ie sl\u00fa\u017ei\u0165 &#8230; nech nech\u00e1 bezprostredne kona\u0165 Stvorite\u013ea so svoj\u00edm stvoren\u00edm a\u00a0stvorenie so svoj\u00edm Stvorite\u013eom a\u00a0P\u00e1nom\u201c (DC 15).<\/p>\n<p style=\"text-align: justify;\"><strong>P\u00f4st je symbolick\u00e9 gesto l\u00e1sky k\u00a0sebe sam\u00e9mu.<\/strong> Hlavn\u00fd p\u00f4st n\u00e1\u0161ho kres\u0165ansk\u00e9ho \u017eivota spo\u010d\u00edva v\u00a0tom, \u017ee mus\u00ed trpie\u0165 \u017eal\u00fadok n\u00e1\u0161ho egoizmu, hlavn\u00e1 prek\u00e1\u017eka pre miluj\u00face stretnutie s\u00a0P\u00e1nom a\u00a0s in\u00fdmi v\u00a0almu\u017ene a\u00a0modlitbe. A\u00a0tak milova\u0165 Boha a\u00a0bl\u00ed\u017eneho, bez milova\u0165 seba sam\u00e9ho, by bolo prekr\u00fati\u0165 hlavn\u00e9 prik\u00e1zanie (Mt 22, 39). V\u00a0p\u00f4ste m\u00e1me \u00fa\u010dinn\u00fd sp\u00f4sob, aby sme vst\u00fapili do kontaktu so\u00a0svojimi potrebami, t\u00fdmi \u017eivinami, ktor\u00e9 re\u00e1lne potrebujeme. \u201eZo zrete\u013eom na to, aby sa neupadlo do choroby, \u010d\u00edm viac si \u010dlovek odoprie z\u00a0potrebn\u00e9ho (pokrmu), t\u00fdm r\u00fdchlej\u0161ie dosiahne zlat\u00fa stredn\u00fa cestu, ktor\u00fa mus\u00ed ma\u0165 vo svojom jeden\u00ed a\u00a0pit\u00ed a\u00a0to z\u00a0dvoch d\u00f4vodov: po prv\u00e9 preto, \u017ee ke\u010f si bude t\u00fdmto pom\u00e1ha\u0165 a\u00a0pripravova\u0165 sa, ve\u013ea kr\u00e1t viac poc\u00edti vn\u00fatorn\u00e9 osvietenia, \u00fatechy a\u00a0Bo\u017eie vnuknutia, pomocou ktor\u00fdch mu Boh d\u00e1 poc\u00edti\u0165 zlat\u00fa stredn\u00fa cestu, ktor\u00e1 je pre neho vhodn\u00e1; po druh\u00e9,\u00a0 preto\u017ee ak osoba, ktor\u00e1 uskuto\u010d\u0148uje tak\u00fato striedmos\u0165, vid\u00ed, \u017ee nem\u00e1 to\u013eko telesnej sily a\u00a0je bez kond\u00edcie robi\u0165 duchovn\u00e9 cvi\u010denia, \u013eahko pr\u00edde k\u00a0urobeniu si vlastn\u00e9ho \u00fasudku toho, \u010do je viac vhodnej\u0161ie na telesn\u00fa ob\u017eivu\u201c (DC 213).<\/p>\n<p style=\"text-align: justify;\"><strong>P\u00f4stna cesta smeruje k\u00a0stretnutiu s\u00a0odu\u0161evnenou a miluj\u00facou Kristovou l\u00e1skou na Kr\u00ed\u017ei.<\/strong> <strong>Ovocie t\u00fdchto \u0161tyridsiatich dn\u00ed je trojrozmern\u00e9: l\u00e1ska k\u00a0Bohu, l\u00e1ska k\u00a0bl\u00ed\u017enemu a\u00a0l\u00e1ska k\u00a0sebe sam\u00e9mu, postupne vstupuj\u00fac do ducha modlitby, almu\u017eny a\u00a0p\u00f4stu.<\/strong><\/p>\n<p style=\"text-align: justify;\">\n<p style=\"text-align: right;\">Spracovan\u00e9 pod\u013ea Agust\u00edn Rivarola SJ \u2013 <em>Cuaresma Ignaciana<\/em><\/p>\n","protected":false},"excerpt":{"rendered":"<p>Ako budeme po\u010du\u0165 v\u00a0Evanjeliu na Popolcov\u00fa stredu, sv\u00e4tosp\u00f4stna sk\u00fasenos\u0165 z\u00edskava konkr\u00e9tnu podobu v\u00a0almu\u017ene, modlitbe a\u00a0p\u00f4ste (Mt 6, 1-18). Takto sa pripravujeme na sl\u00e1venie Ve\u013ekej Noci, miluj\u00facej obety Je\u017ei\u0161ovej l\u00e1sky a\u00a0rob\u00edme to na z\u00e1klade na\u0161ej ignaci\u00e1nskej trad\u00edcie. Almu\u017ena je symbolick\u00e9 gesto mojej l\u00e1sky bl\u00ed\u017enemu: \u201el\u00e1ska sa mus\u00ed viac vlo\u017ei\u0165 do skutkov, ne\u017e do slov\u201c (DC 230).&hellip;&nbsp;<a href=\"https:\/\/ignacianskaspiritualita.sk\/index.php\/2016\/02\/ignaciansky-svatopostny-cas\/\" rel=\"bookmark\">\u010c\u00edta\u0165 viac &raquo;<span class=\"screen-reader-text\">ignaci\u00e1nsky sv\u00e4top\u00f4stny \u010das<\/span><\/a><\/p>\n","protected":false},"author":2,"featured_media":0,"comment_status":"closed","ping_status":"closed","sticky":false,"template":"","format":"standard","meta":{"neve_meta_sidebar":"","neve_meta_container":"","neve_meta_enable_content_width":"","neve_meta_content_width":0,"neve_meta_title_alignment":"","neve_meta_author_avatar":"","neve_post_elements_order":"","neve_meta_disable_header":"","neve_meta_disable_footer":"","neve_meta_disable_title":"","_ti_tpc_template_sync":false,"_ti_tpc_template_id":""},"categories":[40],"tags":[71,83,100,108,120,125,126],"_links":{"self":[{"href":"https:\/\/ignacianskaspiritualita.sk\/index.php\/wp-json\/wp\/v2\/posts\/1657"}],"collection":[{"href":"https:\/\/ignacianskaspiritualita.sk\/index.php\/wp-json\/wp\/v2\/posts"}],"about":[{"href":"https:\/\/ignacianskaspiritualita.sk\/index.php\/wp-json\/wp\/v2\/types\/post"}],"author":[{"embeddable":true,"href":"https:\/\/ignacianskaspiritualita.sk\/index.php\/wp-json\/wp\/v2\/users\/2"}],"replies":[{"embeddable":true,"href":"https:\/\/ignacianskaspiritualita.sk\/index.php\/wp-json\/wp\/v2\/comments?post=1657"}],"version-history":[{"count":1,"href":"https:\/\/ignacianskaspiritualita.sk\/index.php\/wp-json\/wp\/v2\/posts\/1657\/revisions"}],"predecessor-version":[{"id":1658,"href":"https:\/\/ignacianskaspiritualita.sk\/index.php\/wp-json\/wp\/v2\/posts\/1657\/revisions\/1658"}],"wp:attachment":[{"href":"https:\/\/ignacianskaspiritualita.sk\/index.php\/wp-json\/wp\/v2\/media?parent=1657"}],"wp:term":[{"taxonomy":"category","embeddable":true,"href":"https:\/\/ignacianskaspiritualita.sk\/index.php\/wp-json\/wp\/v2\/categories?post=1657"},{"taxonomy":"post_tag","embeddable":true,"href":"https:\/\/ignacianskaspiritualita.sk\/index.php\/wp-json\/wp\/v2\/tags?post=1657"}],"curies":[{"name":"wp","href":"https:\/\/api.w.org\/{rel}","templated":true}]}}