{"id":1238,"date":"2011-10-18T07:21:34","date_gmt":"2011-10-18T07:21:34","guid":{"rendered":"http:\/\/ignacianskaspiritualita.sk\/?p=1238"},"modified":"2011-10-18T07:21:34","modified_gmt":"2011-10-18T07:21:34","slug":"sv-ignac-z-loyoly-student-teologie-1533-1535","status":"publish","type":"post","link":"https:\/\/ignacianskaspiritualita.sk\/index.php\/2011\/10\/sv-ignac-z-loyoly-student-teologie-1533-1535\/","title":{"rendered":"Sv. Ign\u00e1c z Loyoly: \u0160tudent teol\u00f3gie (1533-1535)"},"content":{"rendered":"<p style=\"text-align: center;\"><strong>Sv. Ign\u00e1c z\u00a0Loyoly: \u0160tudent teol\u00f3gie (1533-1535)<\/strong><\/p>\n<p style=\"text-align: justify;\">Po ukon\u010den\u00ed \u0161t\u00fadia filozofie, Ign\u00e1c za\u010dal \u0161tudova\u0165 teol\u00f3giu, ktor\u00fa nemohol dokon\u010di\u0165 v\u00a0Par\u00ed\u017ei. Od tohto \u010dasu sa u\u017e nesna\u017eil z\u00edska\u0165 doktor\u00e1t z\u00a0teol\u00f3gie, pre ktor\u00fd sa vy\u017eadovalo 12 rokov \u0161t\u00fadia, ani len bakalar\u00e1t, ktor\u00fd si vy\u017eadoval p\u00e4\u0165 alebo \u0161es\u0165 rokov \u0161t\u00fadia. Ke\u010f odi\u0161iel z\u00a0Par\u00ed\u017ea, bol mu vystaven\u00fd, s\u00a0d\u00e1tumom 14. okt\u00f3ber 1536, diplom z\u00a0fakulty teol\u00f3gie, v\u00a0ktorom sa dosved\u010dovalo, \u017ee Ign\u00e1c z\u00a0Loyoly je majster umenia. To znamen\u00e1, \u017ee Ign\u00e1c \u0161tudoval teol\u00f3giu v\u00a0Par\u00ed\u017ei pravdepodobne<!--more--> len rok a\u00a0p\u00f3l a\u00a0vyu\u017eil ju najm\u00e4 na \u0161t\u00fadium posv\u00e4tn\u00fdch vied.<\/p>\n<p style=\"text-align: justify;\">Teologick\u00e1 form\u00e1cia Ign\u00e1ca bola podstatne tomistick\u00e1. V\u00a0<em>Kon\u0161tit\u00faci\u00e1ch <\/em>nesk\u00f4r bude prikazova\u0165, aby sa \u0161tudenti Spolo\u010dnosti Je\u017ei\u0161ovej vzdel\u00e1vali v\u00a0u\u010den\u00ed sv. Tom\u00e1\u0161a Akvinsk\u00e9ho, spolu s\u00a0pozit\u00edvnou teol\u00f3giou. \u010co sa t\u00fdka vyu\u017eitia t\u00fdchto teologick\u00fdch \u0161t\u00fadi\u00ed, p\u00e1ter Nadal opakuje \u010dasto v\u0161eobecn\u00fa fr\u00e1zu, ktor\u00e1 sa u\u017e t\u00fdkala filozofick\u00fdch \u0161t\u00fadi\u00ed, \u017ee si ich Ign\u00e1c robil \u201es\u00a0ve\u013ekou usilovnos\u0165ou\u201c. Takto hovor\u00ed: \u201ePo \u0161t\u00fadi\u00e1ch umenia, \u0161tudoval tie\u017e s\u00a0ve\u013ekou usilovnos\u0165ou sv\u00e4t\u00fa teol\u00f3giu, pod\u013ea u\u010denia Tom\u00e1\u0161a Akvinsk\u00e9ho , t\u00fdm \u017ee odch\u00e1dzal do kl\u00e1\u0161tora sv. Dominika, aby tam po\u010d\u00faval lekcie, ktor\u00e9 tam osobitne \u010d\u00edtali bratia.\u201c<\/p>\n<p style=\"text-align: justify;\">O\u00a0\u0161t\u00fadi\u00e1ch teol\u00f3gie taktie\u017e hovor\u00ed p\u00e1ter La\u00ednez: \u201e\u010co sa t\u00fdka \u0161t\u00fadia, aj ke\u010f mal ve\u013ea prek\u00e1\u017eok, ako nikto in\u00fd v\u00a0tom \u010dase, mal tak\u00fa usilovnos\u0165, viac ne\u017e jeho s\u00fa\u010dasn\u00edci. Vynikal najm\u00e4 v\u00a0p\u00edsmach a\u00a0textoch.\u201c<\/p>\n<p style=\"text-align: justify;\">K\u00a0cie\u013eavedomosti Ign\u00e1ca treba pripoji\u0165 jeho intelektu\u00e1lne nadanie, ktor\u00e9 mu dovo\u013eovalo odpoveda\u0165 na mnoh\u00e9 teologick\u00e9 t\u00e9my s\u00a0ve\u013ekou kompetentnos\u0165ou, aj ke\u010f in\u00ed boli v\u00a0teologick\u00fdch \u0161t\u00fadi\u00e1ch viac dopredu ako on. Pod\u013ea p\u00e1tra Nadala \u201eist\u00fd doktor, obdivoval n\u00e1\u0161ho Otca, \u017ee sa nestretol s\u00a0tak\u00fdm p\u00e1nom, ktor\u00fd by tak vzne\u0161ene hovoril o\u00a0teologick\u00fdch veciach\u201c.<\/p>\n<p style=\"text-align: justify;\">Teologick\u00e9 \u0161t\u00fadi\u00e1 tie\u017e mali svoj vplyv aj na kni\u017eo\u010dku <em>Duchovn\u00fdch cvi\u010den\u00ed<\/em>. Vo viacer\u00fdch jej textoch, ako napr\u00edklad v\u00a0medit\u00e1cii o\u00a0dvojiciach, ale aj\u00a0v\u00a0in\u00fdch medit\u00e1ci\u00e1ch o\u00a0\u017eivote Je\u017ei\u0161a Krista, ktor\u00e9 sa zdaj\u00fa, \u017ee poch\u00e1dzaj\u00fa z\u00a0obdobia \u0161t\u00fadi\u00ed v\u00a0Par\u00ed\u017ei. Pr\u00e1ve v\u00a0tomto obdob\u00ed Ign\u00e1c robil gener\u00e1lnu rev\u00edziu textu.<\/p>\n<p style=\"text-align: justify;\">Pobytu v\u00a0Par\u00ed\u017ei mus\u00edme pripo\u010d\u00edta\u0165 jeden\u00e1ste pravidlo o\u00a0c\u00edten\u00ed s\u00a0Cirkvou: \u201eJeden\u00e1ste pravidlo. M\u00e1me chv\u00e1li\u0165 pozit\u00edvne i scholastick\u00e9 u\u010denie, lebo ako je viac vlast\u00adnos\u0165ou pozit\u00edvnych u\u010dite\u013eov, ako napr. sv. Hieronyma, sv. August\u00edna, sv. Gregora at\u010f. poh\u00fdna\u0165 hnutia v\u00f4le, aby sme vo v\u0161etkom mi\u00adlovali Boha, n\u00e1\u0161ho P\u00e1na a sl\u00fa\u017eili mu, tak je zasa vlastnos\u0165ou scholastikov, ako sv. Tom\u00e1\u00ad\u0161a, sv. Bonavent\u00faru, Magistra sentenci\u00ed at\u010f., definova\u0165 a\u00a0objas\u0148ova\u0165 pre na\u0161e \u010dasy veci, potrebn\u00e9 na ve\u010dn\u00fa sp\u00e1su, ako aj viac nap\u00e1da\u0165 a odkr\u00fdva\u0165 v\u0161etky bludy a klamliv\u00e9 u\u010denia. Ke\u010f\u017ee s\u00fa scholastick\u00ed u\u010ditelia nov\u0161\u00ed, nielen\u00ad\u017ee u\u017eito\u010dnej\u0161ie vyu\u017e\u00edvaj\u00fa spr\u00e1vne ch\u00e1panie Sv\u00e4t\u00e9ho p\u00edsma a pozit\u00edvnych sv\u00e4t\u00fdch u\u010dite\u013eov, ale aj oni sami, osvieten\u00ed a osvetlen\u00ed Bo\u017eou pomocou, pom\u00e1haj\u00fa si cirkevn\u00fdmi snemami, k\u00e1nonmi a ustanoveniami na\u0161ej sv\u00e4tej matky Cirkvi.\u201c (DC 363)<\/p>\n<p style=\"text-align: center;\">(spracovan\u00e9 pod\u013ea C\u00e1ndido de Dalmases, <em>El Padre maestro Ignacio<\/em>, s. 104-105)<\/p>\n","protected":false},"excerpt":{"rendered":"<p>Sv. Ign\u00e1c z\u00a0Loyoly: \u0160tudent teol\u00f3gie (1533-1535) Po ukon\u010den\u00ed \u0161t\u00fadia filozofie, Ign\u00e1c za\u010dal \u0161tudova\u0165 teol\u00f3giu, ktor\u00fa nemohol dokon\u010di\u0165 v\u00a0Par\u00ed\u017ei. Od tohto \u010dasu sa u\u017e nesna\u017eil z\u00edska\u0165 doktor\u00e1t z\u00a0teol\u00f3gie, pre ktor\u00fd sa vy\u017eadovalo 12 rokov \u0161t\u00fadia, ani len bakalar\u00e1t, ktor\u00fd si vy\u017eadoval p\u00e4\u0165 alebo \u0161es\u0165 rokov \u0161t\u00fadia. Ke\u010f odi\u0161iel z\u00a0Par\u00ed\u017ea, bol mu vystaven\u00fd, s\u00a0d\u00e1tumom 14. okt\u00f3ber 1536,&hellip;&nbsp;<a href=\"https:\/\/ignacianskaspiritualita.sk\/index.php\/2011\/10\/sv-ignac-z-loyoly-student-teologie-1533-1535\/\" rel=\"bookmark\">\u010c\u00edta\u0165 viac &raquo;<span class=\"screen-reader-text\">Sv. Ign\u00e1c z Loyoly: \u0160tudent teol\u00f3gie (1533-1535)<\/span><\/a><\/p>\n","protected":false},"author":2,"featured_media":0,"comment_status":"closed","ping_status":"closed","sticky":false,"template":"","format":"standard","meta":{"neve_meta_sidebar":"","neve_meta_container":"","neve_meta_enable_content_width":"","neve_meta_content_width":0,"neve_meta_title_alignment":"","neve_meta_author_avatar":"","neve_post_elements_order":"","neve_meta_disable_header":"","neve_meta_disable_footer":"","neve_meta_disable_title":"","_ti_tpc_template_sync":false,"_ti_tpc_template_id":""},"categories":[58],"tags":[75,83,90,181,99,149],"_links":{"self":[{"href":"https:\/\/ignacianskaspiritualita.sk\/index.php\/wp-json\/wp\/v2\/posts\/1238"}],"collection":[{"href":"https:\/\/ignacianskaspiritualita.sk\/index.php\/wp-json\/wp\/v2\/posts"}],"about":[{"href":"https:\/\/ignacianskaspiritualita.sk\/index.php\/wp-json\/wp\/v2\/types\/post"}],"author":[{"embeddable":true,"href":"https:\/\/ignacianskaspiritualita.sk\/index.php\/wp-json\/wp\/v2\/users\/2"}],"replies":[{"embeddable":true,"href":"https:\/\/ignacianskaspiritualita.sk\/index.php\/wp-json\/wp\/v2\/comments?post=1238"}],"version-history":[{"count":0,"href":"https:\/\/ignacianskaspiritualita.sk\/index.php\/wp-json\/wp\/v2\/posts\/1238\/revisions"}],"wp:attachment":[{"href":"https:\/\/ignacianskaspiritualita.sk\/index.php\/wp-json\/wp\/v2\/media?parent=1238"}],"wp:term":[{"taxonomy":"category","embeddable":true,"href":"https:\/\/ignacianskaspiritualita.sk\/index.php\/wp-json\/wp\/v2\/categories?post=1238"},{"taxonomy":"post_tag","embeddable":true,"href":"https:\/\/ignacianskaspiritualita.sk\/index.php\/wp-json\/wp\/v2\/tags?post=1238"}],"curies":[{"name":"wp","href":"https:\/\/api.w.org\/{rel}","templated":true}]}}