{"id":1033,"date":"2011-02-15T14:06:22","date_gmt":"2011-02-15T13:06:22","guid":{"rendered":"http:\/\/ignacianskaspiritualita.sk\/?p=1033"},"modified":"2011-02-15T14:06:22","modified_gmt":"2011-02-15T13:06:22","slug":"sv-klaudius-la-colombiere-1641-1682-knaz-spolocnosti-jezisovej","status":"publish","type":"post","link":"https:\/\/ignacianskaspiritualita.sk\/index.php\/2011\/02\/sv-klaudius-la-colombiere-1641-1682-knaz-spolocnosti-jezisovej\/","title":{"rendered":"Sv. Klaudius La Colombi\u00e8re (1641\u20131682), k\u0148az Spolo\u010dnosti Je\u017ei\u0161ovej"},"content":{"rendered":"<p style=\"text-align: center;\"><strong>Sv. Klaudius La Colombi\u00e8re: Posol Bo\u017esk\u00e9ho Srdca Je\u017ei\u0161ovho<\/strong><\/p>\n<p style=\"text-align: justify;\">Sv. Klaudius La Colombi\u00e8re poch\u00e1dzal z juhov\u00fdchodn\u00e9ho Franc\u00fazska. Narodil sa 2. febru\u00e1ra 1641 v Saint-Symphorien d\u2019Ozon pri Lyone. Z\u00e1kladn\u00e9 vzdelanie z\u00edskal v dvoch jezuitsk\u00fdch kol\u00e9gi\u00e1ch v Lyone. Tam sa aj rozhodol, \u017ee vst\u00fapi do rehole svojich u\u010dite\u013eov. Ale hoci jasne c\u00edtil reho\u013en\u00e9 povolanie, musel prekona\u0165 ve\u013ek\u00fd boj s\u00e1m so sebou, k\u00fdm toto povolanie naplno prijal.<!--more--><\/p>\n<p style=\"text-align: justify;\">Reho\u013en\u00fd \u017eivot za\u010dal 25. okt\u00f3bra 1658. Po dvojro\u010dnom novici\u00e1te \u0161tudoval filozofiu a nieko\u013eko rokov vyu\u010doval na jezuitskom kol\u00e9giu Najsv\u00e4tej\u0161ej Trojice v Lyone. V roku 1666 ho predstaven\u00ed poslali do Par\u00ed\u017ea na \u0161t\u00fadium teol\u00f3gie. V apr\u00edli 1669 bol vysv\u00e4ten\u00fd za k\u0148aza. Po vysviacke sa vr\u00e1til do Lyonu, kde vyu\u010doval tri roky na kol\u00e9giu a rok p\u00f4sobil ako kazate\u013e.<\/p>\n<p style=\"text-align: justify;\">Ke\u010f sa bl\u00ed\u017eil z\u00e1ver jeho duchovnej form\u00e1cie, usiloval sa dosiahnu\u0165 \u010do najvy\u0161\u0161\u00ed stupe\u0148 reho\u013enej dokonalosti. V roku 1674, po\u010das tzv. tretej prob\u00e1cie pred posledn\u00fdmi reho\u013en\u00fdmi s\u013eubmi, urobil so s\u00fahlasom spovedn\u00edka osobitn\u00fd s\u013eub, ktor\u00fdm sa zaviazal k dokonal\u00e9mu plneniu reho\u013en\u00fdch stanov a pravidiel. Jeho neskor\u0161\u00ed\u00a0 \u017eivot uk\u00e1zal, \u017ee to s t\u00fdmto s\u013eubom myslel ve\u013emi v\u00e1\u017ene. Pritom u\u0148ho nebolo bada\u0165 nijak\u00fa k\u0155\u010dovit\u00fa \u00fazkostlivos\u0165, ak\u00e1 sa mohla prejavi\u0165 pri takom v\u00e1\u017enom z\u00e1v\u00e4zku; sk\u00f4r sa jeho dokonal\u00e9 plnenie reho\u013en\u00fdch povinnost\u00ed sp\u00e1jalo s akousi povzn\u00e1\u0161aj\u00facou eleganciou.<\/p>\n<p style=\"text-align: justify;\">D\u00f4le\u017eitou etapou jeho \u017eivota bol kr\u00e1tky pobyt v Paray-le-Moniale, kde sa v roku 1674 stal predstaven\u00fdm jezuitsk\u00e9ho kol\u00e9gia. V tom \u010dase \u017eila v miestnom \u017eenskom kl\u00e1\u0161tore rehole Nav\u0161t\u00edvenia Panny M\u00e1rie reho\u013en\u00ed\u010dka Margita M\u00e1ria Alacoque obdaren\u00e1 mimoriadnymi duchovn\u00fdmi z\u00e1\u017eitkami. Z nich najzn\u00e1mej\u0161ie s\u00fa zjavenia Bo\u017esk\u00e9ho Srdca Je\u017ei\u0161ovho, ktor\u00e9 sa stali v\u00fdchodiskom verejnej \u00facty Bo\u017e\u00adsk\u00e9ho Srdca v Cirkvi.<\/p>\n<p style=\"text-align: justify;\">Ke\u010f sa sestra Margita M\u00e1ria zd\u00f4verila so svojimi omilosteniami, narazila na nepochopenie a ned\u00f4veru. Obozretnos\u0165 jej spolusestier a predstaven\u00fdch bola namieste, ale prejavy ned\u00f4very vo\u010di mysti\u010dke zach\u00e1dzali pri\u010faleko a boli pre \u0148u utrpen\u00edm. V jednom zjaven\u00ed v\u0161ak dostala pris\u013e\u00fabenie, \u017ee jej pr\u00edde na pomoc Kristov vern\u00fd slu\u017eobn\u00edk a priate\u013e. A t\u00fdmto Kristov\u00fdm priate\u013eom bol p\u00e1ter Klaudius La Colombi\u00e8re. On viedol sestru k \u00fapln\u00e9mu sebaobetovaniu, on sa pri\u010dinil o jej pochopenie zo strany spolusestier a predstaven\u00fdch, on sa zasl\u00fa\u017eil o roz\u0161\u00edrenie \u00facty a zmieruj\u00facich pobo\u017enost\u00ed k Bo\u017esk\u00e9mu Srdcu. S\u00e1m sa zasv\u00e4til ako zmierna obeta Bo\u017esk\u00e9mu Srdcu v piatok po okt\u00e1ve sviatku Bo\u017eieho tela (21. j\u00fana) r. 1675.<\/p>\n<p style=\"text-align: justify;\">Od roku 1676 pokra\u010dovali v \u0161\u00edren\u00ed \u00facty Bo\u017esk\u00e9ho Srdca z Paray-le-Monialu \u010fal\u0161\u00ed k\u0148azi jezuitskej rehole. P\u00e1tra La Colombi\u00e8ra poslali predstaven\u00ed do Lond\u00fdna ako kazate\u013ea vojvodkyne z Yorku, M\u00e1rie Beatrice z Modeny (d\u2019Este), man\u017eelky yorsk\u00e9ho vojvodu Jakuba, ktor\u00fd sa nesk\u00f4r stal anglick\u00fdm kr\u00e1\u013eom.<\/p>\n<p style=\"text-align: justify;\">Po predch\u00e1dzaj\u00facich prenasledovaniach katol\u00edkov bolo vtedy v Anglicku obdobie pomern\u00e9ho pokoja. Preto m\u00e1val p\u00e1ter Klaudius k\u00e1zne aj pre \u0161ir\u0161\u00ed okruh posluch\u00e1\u010dov, pr\u00edpadne posluch\u00e1\u010dok. Pod vplyvom jeho slov mnoh\u00e9 d\u00e1my z anglick\u00fdch \u0161\u013eachtick\u00fdch rod\u00edn odch\u00e1dzali do Franc\u00fazska a tam vstupovali do kl\u00e1\u0161torov. On s\u00e1m organizoval \u017eensk\u00e9 reho\u013en\u00e9 spolo\u010denstvo v Lond\u00fdne. O tom v\u0161ak \u00farady nemali vedie\u0165. Horliv\u00e9ho jezuitu prezradil ist\u00fd odpadnut\u00fd k\u0148az. Ke\u010f\u017ee sa vtedy znovu priostrila protikatol\u00edcka n\u00e1lada vplyvom kampane vyvolanej okolo tzv. Oatesovho sprisahania, p\u00e1tra La Colombi\u00e8ra uv\u00e4znili 24. novembra 1678. K\u0148az vo vlhkom a studenom v\u00e4zen\u00ed v\u00e1\u017ene ochorel. Preto ho sudca po intervencii franc\u00fazskeho vyslanca k\u00e1zal prepusti\u0165 a vypovedal ho z Anglicka.<\/p>\n<p style=\"text-align: justify;\">P\u00e1ter pri\u0161iel do Par\u00ed\u017ea v polovici janu\u00e1ra 1679. No aj pomerne kr\u00e1tky, poldruhamesa\u010dn\u00fd pobyt v lond\u00fdnskom v\u00e4zen\u00ed mu celkom podlomil zdravie. Predstaven\u00ed mu ho sk\u00fa\u0161ali zlep\u0161i\u0165 pobytom v rozli\u010dn\u00fdch domoch. V auguste 1681 ho ur\u010dili na jeho niekdaj\u0161ie p\u00f4sobisko v Paray-le-Moniale. Tam mu na z\u00e1klade jedn\u00e9ho zjavenia sestra Margita M\u00e1ria ozn\u00e1mila, \u017ee nadi\u0161iel \u010das, aby dokon\u010dil svoju \u017eivotn\u00fa obetu. P\u00e1ter zomrel 15. febru\u00e1ra 1682 vo veku 41 rokov.<\/p>\n<p style=\"text-align: justify;\">Pochovali ho v kaplnke jezuitsk\u00e9ho kl\u00e1\u0161tora. Pred zru\u0161en\u00edm jezuitskej rehole preniesli v r. 1763 jeho telesn\u00e9 pozostatky do kl\u00e1\u0161tora sestier Nav\u0161t\u00edvenia. Po obnoven\u00ed jezuitsk\u00e9ho kl\u00e1\u0161tora v Paray-\u00adle-Moniale ich v r. 1873 preniesli do jezuitsk\u00e9ho kostola.<\/p>\n<p style=\"text-align: justify;\">P\u00e1tra Klaudia La Colombi\u00e8ra vyhl\u00e1sil za blahoslaven\u00e9ho p\u00e1pe\u017e Pius XI. v r. 1929 a za sv\u00e4t\u00e9ho p\u00e1pe\u017e J\u00e1n Pavol II. v r. 1992. Liturgick\u00e1 spomienka je 15. febru\u00e1ra.<\/p>\n<p style=\"text-align: justify;\">\n<p style=\"text-align: justify;\">(spracovan\u00e9 pod\u013ea: P. Rajmund Ondru\u0161 SJ, Sv\u00e4t\u00ed a blahoslaven\u00ed jezuitskej rehole)<\/p>\n<p style=\"text-align: justify;\">\n","protected":false},"excerpt":{"rendered":"<p>Sv. Klaudius La Colombi\u00e8re: Posol Bo\u017esk\u00e9ho Srdca Je\u017ei\u0161ovho Sv. Klaudius La Colombi\u00e8re poch\u00e1dzal z juhov\u00fdchodn\u00e9ho Franc\u00fazska. Narodil sa 2. febru\u00e1ra 1641 v Saint-Symphorien d\u2019Ozon pri Lyone. Z\u00e1kladn\u00e9 vzdelanie z\u00edskal v dvoch jezuitsk\u00fdch kol\u00e9gi\u00e1ch v Lyone. Tam sa aj rozhodol, \u017ee vst\u00fapi do rehole svojich u\u010dite\u013eov. Ale hoci jasne c\u00edtil reho\u013en\u00e9 povolanie, musel prekona\u0165 ve\u013ek\u00fd boj&hellip;&nbsp;<a href=\"https:\/\/ignacianskaspiritualita.sk\/index.php\/2011\/02\/sv-klaudius-la-colombiere-1641-1682-knaz-spolocnosti-jezisovej\/\" rel=\"bookmark\">\u010c\u00edta\u0165 viac &raquo;<span class=\"screen-reader-text\">Sv. Klaudius La Colombi\u00e8re (1641\u20131682), k\u0148az Spolo\u010dnosti Je\u017ei\u0161ovej<\/span><\/a><\/p>\n","protected":false},"author":2,"featured_media":0,"comment_status":"closed","ping_status":"closed","sticky":false,"template":"","format":"standard","meta":{"neve_meta_sidebar":"","neve_meta_container":"","neve_meta_enable_content_width":"","neve_meta_content_width":0,"neve_meta_title_alignment":"","neve_meta_author_avatar":"","neve_post_elements_order":"","neve_meta_disable_header":"","neve_meta_disable_footer":"","neve_meta_disable_title":"","_ti_tpc_template_sync":false,"_ti_tpc_template_id":""},"categories":[27],"tags":[173,93,94,174],"_links":{"self":[{"href":"https:\/\/ignacianskaspiritualita.sk\/index.php\/wp-json\/wp\/v2\/posts\/1033"}],"collection":[{"href":"https:\/\/ignacianskaspiritualita.sk\/index.php\/wp-json\/wp\/v2\/posts"}],"about":[{"href":"https:\/\/ignacianskaspiritualita.sk\/index.php\/wp-json\/wp\/v2\/types\/post"}],"author":[{"embeddable":true,"href":"https:\/\/ignacianskaspiritualita.sk\/index.php\/wp-json\/wp\/v2\/users\/2"}],"replies":[{"embeddable":true,"href":"https:\/\/ignacianskaspiritualita.sk\/index.php\/wp-json\/wp\/v2\/comments?post=1033"}],"version-history":[{"count":0,"href":"https:\/\/ignacianskaspiritualita.sk\/index.php\/wp-json\/wp\/v2\/posts\/1033\/revisions"}],"wp:attachment":[{"href":"https:\/\/ignacianskaspiritualita.sk\/index.php\/wp-json\/wp\/v2\/media?parent=1033"}],"wp:term":[{"taxonomy":"category","embeddable":true,"href":"https:\/\/ignacianskaspiritualita.sk\/index.php\/wp-json\/wp\/v2\/categories?post=1033"},{"taxonomy":"post_tag","embeddable":true,"href":"https:\/\/ignacianskaspiritualita.sk\/index.php\/wp-json\/wp\/v2\/tags?post=1033"}],"curies":[{"name":"wp","href":"https:\/\/api.w.org\/{rel}","templated":true}]}}