{"id":896,"date":"2010-10-16T14:19:56","date_gmt":"2010-10-16T14:19:56","guid":{"rendered":"http:\/\/ignacianskaspiritualita.sk\/?p=896"},"modified":"2010-10-16T14:19:56","modified_gmt":"2010-10-16T14:19:56","slug":"meditacia-o-poslednom-cieli-cloveka-vecna-spasa","status":"publish","type":"post","link":"http:\/\/ignacianskaspiritualita.sk\/index.php\/2010\/10\/meditacia-o-poslednom-cieli-cloveka-vecna-spasa\/","title":{"rendered":"Medit\u00e1cia o poslednom cieli \u010dloveka: ve\u010dn\u00e1 sp\u00e1sa"},"content":{"rendered":"<p style=\"text-align: justify;\"><strong>Princ\u00edp a Fundament<\/strong><\/p>\n<p style=\"text-align: justify;\"><strong>Text na modlitbu:<\/strong> \u010clovek je stvoren\u00fd, aby chv\u00e1lil, vzd\u00e1val \u00factu a\u00a0sl\u00fa\u017eil Bohu n\u00e1\u0161mu P\u00e1novi, a\u00a0prostredn\u00edctvom toho si spasil du\u0161u. (DC 23)<\/p>\n<p style=\"text-align: justify;\"><strong>My\u0161lienky na uva\u017eovanie:<\/strong><\/p>\n<p style=\"text-align: justify;\"><strong>Prv\u00e9 uva\u017eovanie: Na\u00a0\u010dom spo\u010d\u00edva sp\u00e1sa?<\/strong> Sp\u00e1sa za\u010d\u00edna tu, v\u00a0na\u0161om \u017eivote. V\u00a0na\u0161om \u017eivote z\u00edskavame vieru, odpustenie hriechov a\u00a0milos\u0165 Boha, to znamen\u00e1, \u017ee z\u00edskavame adopt\u00edvne synovstvo, sme Bo\u017eou rodinou a\u00a0dedi\u010dmi nebesk\u00e9ho kr\u00e1\u013eovstva a\u00a0okrem toho, z\u00edskavame \u00fa\u010das\u0165 na bo\u017eej prirodzenosti. Ke\u010f zomrieme,<!--more--> nadobudneme vedomie o\u00a0tom, kto sme: vst\u00fapime do neba a\u00a0budeme ma\u0165 podiel na \u0161\u0165ast\u00ed Boha. V\u00a0tomto pozost\u00e1va sp\u00e1sa. T\u00fato skuto\u010dnos\u0165 n\u00e1m rovnako odovzd\u00e1va Je\u017ei\u0161. V\u00a0jeho smrte\u013enom \u017eivote sa javil ako ktor\u00fdko\u013evek\u00a0 \u010dlovek: obliekal sa ako \u010dlovek, hovoril ako \u010dlovek a\u00a0ako \u010dlovek sa stravoval, spal, oddychoval a\u00a0pracoval. Ale, ke\u010f vstal z\u00a0m\u0155tvych, zjavil to, \u010d\u00edm bol: Synom Bo\u017e\u00edm. My sme teraz tie\u017e jednoduch\u00fdmi \u013eu\u010fmi v\u00a0tomto \u017eivote, ke\u010f v\u0161ak zomrieme, budeme ma\u0165 \u00fa\u010das\u0165 na tom \u010do sme: synmi Boha.<\/p>\n<p style=\"text-align: justify;\"><strong>Druh\u00e9 uva\u017eovanie: ve\u010dn\u00e9 \u0161\u0165astie.<\/strong> Na \u010dom pozost\u00e1va ve\u010dn\u00e9 \u0161\u0165astie? Podstatne alebo hlavne na vlastnen\u00ed Boha. Ako tu v\u00a0tomto \u017eivote, \u017een\u00edch je \u0161\u0165astn\u00fd, ke\u010f vlastn\u00ed nevestu a\u00a0nevesta je \u0161\u0165astn\u00e1, ke\u010f vlastn\u00ed \u017een\u00edcha. Podobn\u00fd sp\u00f4sob m\u00f4\u017eeme aplikova\u0165 na ve\u010dn\u00e9 \u0161\u0165astie &#8211; v\u00a0nebi budeme vlastni\u0165 Boha, a\u00a0na tom bude pozost\u00e1va\u0165 na\u0161e ve\u010dn\u00e9 \u0161\u0165astie. Boh je na\u0161e Nekone\u010dn\u00e9 Dobro.<\/p>\n<p style=\"text-align: justify;\">To, \u010do rob\u00ed Boha nekone\u010dne \u0161\u0165astn\u00fdm, je vlastnenie seba sam\u00e9ho. Nekone\u010dn\u00e9ho Dobra. \u00da\u010das\u0165 na \u0161\u0165ast\u00ed Boha bude t\u00fdm, \u010do vytvor\u00ed na\u0161e \u0161\u0165astie. Je to nie\u010do, \u010do si nem\u00f4\u017eeme teraz ani predstavi\u0165. Sv. Pavol o\u00a0tom p\u00ed\u0161e v\u00a0Prvom liste Korin\u0165anom: \u201eAle ako je nap\u00edsan\u00e9: Ani oko nevidelo, ani ucho nepo\u010dulo, ani do \u013eudsk\u00e9ho srdca nevyst\u00fapilo, \u010do Boh pripravil t\u00fdm, ktor\u00ed ho miluj\u00fa.\u201c (1Kor 2, 9) Toto \u0161\u0165astie je tak ve\u013ek\u00e9, \u017ee teol\u00f3govia si myslia, \u017ee potrebujeme \u0161peci\u00e1lne posilnenie, aby sme neboli zni\u010den\u00ed z\u00a0to\u013ek\u00e9ho \u0161\u0165astia.<\/p>\n<p style=\"text-align: justify;\"><strong>Tretie uva\u017eovanie: Pl\u00e1n Boha.<\/strong> M\u00f4\u017eeme si polo\u017ei\u0165 na za\u010diatku ot\u00e1zku: Mal Boh nejak\u00fd pl\u00e1n, ke\u010f stvoril svet? Prirodzene , \u017ee \u00e1no. Boh mal svoj pl\u00e1n: stvoren\u00fd svet zaplni\u0165 potomstvom, prinajmen\u0161om mal\u00fa plan\u00e9tu zem a\u00a0ur\u010di\u0165 v\u0161etk\u00fdch pre nebesk\u00e9 kr\u00e1\u013eovstvo. Lebo Boh chce, aby v\u0161etci \u013eudia boli spasen\u00ed a\u00a0poznali pravdu. (1 Tim 2, 4) Katechizmus Katol\u00edckej Cirkvi hne\u010f na za\u010diatku hovor\u00ed o\u00a0tomto pl\u00e1ne: \u201eNekone\u010dne dokonal\u00fd a\u00a0s\u00e1m v\u00a0sebe bla\u017een\u00fd Boh pod\u013ea \u010d\u00edro dobrotiv\u00e9ho rozhodnutia stvoril \u010dloveka, aby mu dal \u00fa\u010das\u0165 na svojom bla\u017eenom \u017eivote. Preto je v\u00a0ka\u017edom \u010dase a\u00a0na ka\u017edom mieste bl\u00edzky \u010dloveku. Vol\u00e1 ho a\u00a0pom\u00e1ha mu, aby ho h\u013eadal, pozn\u00e1val a\u00a0zo v\u0161etk\u00fdch s\u00edl miloval&#8230;.V Kristovi a\u00a0skrze neho vol\u00e1 v\u0161etk\u00fdch \u013eud\u00ed, aby sa v\u00a0Duchu Sv\u00e4tom stali jeho adoptovan\u00fdmi de\u0165mi, a\u00a0teda aj dedi\u010dmi jeho bla\u017een\u00e9ho \u017eivota.\u201c (KKC 1)Toto bol a\u00a0je ve\u013ekolep\u00fd pl\u00e1n Boha s\u00a0\u013eudstvom a\u00a0s\u00a0ka\u017ed\u00fdm \u010dlovekom. T\u00e1to ve\u010dn\u00e1 sp\u00e1sa je t\u00e1, ktor\u00e1 d\u00e1va zmysel na\u0161ej existencii. Na\u0161e cel\u00e9 bytie sa v\u017edy orientuje na toto miesto.<\/p>\n<p style=\"text-align: justify;\"><strong>Rozhovor:<\/strong> Na konci medit\u00e1cie, nadvia\u017eem diskusiu s\u00a0Bohom a po\u010fakujem mu za tieto vysok\u00e9 pl\u00e1ny, ktor\u00e9 m\u00e1 s \u010dlovekom, so mnou. A\u00a0po\u017eiadam ho, aby som nebol zveden\u00fd z\u00a0tejto ve\u010dnej cesty sp\u00e1sy. Zakon\u010d\u00edm modlitbou Ot\u010de n\u00e1\u0161.<\/p>\n<p style=\"text-align: justify;\">(spracovan\u00e9 pod\u013ea: Hernando Silva SJ, <em>Ejercicios espirituales en la vida corriente)<\/em><\/p>\n","protected":false},"excerpt":{"rendered":"<p>Princ\u00edp a Fundament Text na modlitbu: \u010clovek je stvoren\u00fd, aby chv\u00e1lil, vzd\u00e1val \u00factu a\u00a0sl\u00fa\u017eil Bohu n\u00e1\u0161mu P\u00e1novi, a\u00a0prostredn\u00edctvom toho si spasil du\u0161u. (DC 23) My\u0161lienky na uva\u017eovanie: Prv\u00e9 uva\u017eovanie: Na\u00a0\u010dom spo\u010d\u00edva sp\u00e1sa? Sp\u00e1sa za\u010d\u00edna tu, v\u00a0na\u0161om \u017eivote. V\u00a0na\u0161om \u017eivote z\u00edskavame vieru, odpustenie hriechov a\u00a0milos\u0165 Boha, to znamen\u00e1, \u017ee z\u00edskavame adopt\u00edvne synovstvo, sme Bo\u017eou rodinou a\u00a0dedi\u010dmi&hellip;&nbsp;<a href=\"http:\/\/ignacianskaspiritualita.sk\/index.php\/2010\/10\/meditacia-o-poslednom-cieli-cloveka-vecna-spasa\/\" rel=\"bookmark\">\u010c\u00edta\u0165 viac &raquo;<span class=\"screen-reader-text\">Medit\u00e1cia o poslednom cieli \u010dloveka: ve\u010dn\u00e1 sp\u00e1sa<\/span><\/a><\/p>\n","protected":false},"author":2,"featured_media":0,"comment_status":"closed","ping_status":"closed","sticky":false,"template":"","format":"standard","meta":{"neve_meta_sidebar":"","neve_meta_container":"","neve_meta_enable_content_width":"","neve_meta_content_width":0,"neve_meta_title_alignment":"","neve_meta_author_avatar":"","neve_post_elements_order":"","neve_meta_disable_header":"","neve_meta_disable_footer":"","neve_meta_disable_title":"","_ti_tpc_template_sync":false,"_ti_tpc_template_id":""},"categories":[13],"tags":[127,148,150],"_links":{"self":[{"href":"http:\/\/ignacianskaspiritualita.sk\/index.php\/wp-json\/wp\/v2\/posts\/896"}],"collection":[{"href":"http:\/\/ignacianskaspiritualita.sk\/index.php\/wp-json\/wp\/v2\/posts"}],"about":[{"href":"http:\/\/ignacianskaspiritualita.sk\/index.php\/wp-json\/wp\/v2\/types\/post"}],"author":[{"embeddable":true,"href":"http:\/\/ignacianskaspiritualita.sk\/index.php\/wp-json\/wp\/v2\/users\/2"}],"replies":[{"embeddable":true,"href":"http:\/\/ignacianskaspiritualita.sk\/index.php\/wp-json\/wp\/v2\/comments?post=896"}],"version-history":[{"count":0,"href":"http:\/\/ignacianskaspiritualita.sk\/index.php\/wp-json\/wp\/v2\/posts\/896\/revisions"}],"wp:attachment":[{"href":"http:\/\/ignacianskaspiritualita.sk\/index.php\/wp-json\/wp\/v2\/media?parent=896"}],"wp:term":[{"taxonomy":"category","embeddable":true,"href":"http:\/\/ignacianskaspiritualita.sk\/index.php\/wp-json\/wp\/v2\/categories?post=896"},{"taxonomy":"post_tag","embeddable":true,"href":"http:\/\/ignacianskaspiritualita.sk\/index.php\/wp-json\/wp\/v2\/tags?post=896"}],"curies":[{"name":"wp","href":"https:\/\/api.w.org\/{rel}","templated":true}]}}