{"id":892,"date":"2010-10-15T16:24:22","date_gmt":"2010-10-15T16:24:22","guid":{"rendered":"http:\/\/ignacianskaspiritualita.sk\/?p=892"},"modified":"2010-10-15T16:24:22","modified_gmt":"2010-10-15T16:24:22","slug":"meditacia-o-dvoch-cieloch-cloveka","status":"publish","type":"post","link":"http:\/\/ignacianskaspiritualita.sk\/index.php\/2010\/10\/meditacia-o-dvoch-cieloch-cloveka\/","title":{"rendered":"Medit\u00e1cia o dvoch cie\u013eoch \u010dloveka"},"content":{"rendered":"<p style=\"text-align: justify;\"><strong>Princ\u00edp a\u00a0Fundament <\/strong><\/p>\n<p style=\"text-align: justify;\"><strong>Text na modlitbu:<\/strong> \u201e\u010clovek je stvoren\u00fd, aby chv\u00e1lil, vzd\u00e1val \u00factu a\u00a0sl\u00fa\u017eil Bohu n\u00e1\u0161mu P\u00e1novi.\u201c (DC 23)<\/p>\n<p style=\"text-align: justify;\"><strong>My\u0161lienky na uva\u017eovanie:<\/strong><\/p>\n<p style=\"text-align: justify;\"><strong>Prv\u00e9 uva\u017eovanie: V\u00a0slu\u017eb\u00e1ch Boha<\/strong> \u2013 Princ\u00edp a\u00a0Fundament Duchovn\u00fdch cvi\u010den\u00ed sv. Ign\u00e1ca pripom\u00edna d\u00f4le\u017eit\u00fa pravdu \u2013 boli sme stvoren\u00ed, aby sme sl\u00fa\u017eili Bohu. Slu\u017ebu Bohu v\u0161ak nem\u00f4\u017eeme robi\u0165 priamo, <!--more-->preto\u017ee ON nepotrebuje od n\u00e1s \u017eiadnu vec. N\u00e1\u0161mu Bohu m\u00f4\u017eeme sl\u00fa\u017ei\u0165 v\u00a0na\u0161ich bl\u00ed\u017enych. V\u017edy, ke\u010f sl\u00fa\u017eime svojim bl\u00ed\u017enym, sl\u00fa\u017eime Bohu. P\u00e1n Je\u017ei\u0161, pripom\u00edna v\u00a0podobenstve o\u00a0poslednom s\u00fade, \u017ee nebo d\u00e1 spravodliv\u00fdm, preto\u017ee mal hlad a\u00a0oni mu dali najes\u0165, preto\u017ee mal sm\u00e4d a\u00a0oni mu dali pi\u0165. A\u00a0t\u00edto spravodliv\u00ed sa ho p\u00fdtali, kedy sa tak stalo, kedy mu dali nie\u010do na pitie a\u00a0nie\u010do na jedenie. Kr\u00e1\u013e im odpoved\u00e1: \u010do ste urobili jedn\u00e9mu z\u00a0mojich najmen\u0161\u00edch, mne sta urobili. (por. Mt 25, 31-46)<\/p>\n<p style=\"text-align: justify;\">Ako teda m\u00f4\u017eeme sl\u00fa\u017ei\u0165 svojim bl\u00ed\u017enym? V\u0161etky slu\u0161n\u00e9 povolania a profesie s\u00fa slu\u017ebou bl\u00ed\u017enym. Bl\u00ed\u017enemu sl\u00fa\u017ei ro\u013en\u00edk i\u00a0chovate\u013e dobytka, preto\u017ee dod\u00e1vaj\u00fa bl\u00ed\u017enym potravu. Ale s\u00fa to tie\u017e policajt, vojak, obchodn\u00edk, lek\u00e1r, advok\u00e1t atd. Opakujem teda e\u0161te raz \u2013 v\u0161etky slu\u0161n\u00e9 povolania a profesie s\u00fa slu\u017ebou bl\u00ed\u017enemu. Podobne je to k\u0148az, \u010di reho\u013en\u00e1 osoba, sl\u00fa\u017eia svojim bl\u00ed\u017enym mnohorak\u00fdm sp\u00f4sobom. V\u00a0man\u017eelskom povolan\u00ed sa sl\u00fa\u017ei Bohu prostredn\u00edctvom vz\u00e1jomnej pomoci man\u017eelov a\u00a0celej rodiny, a\u00a0prostredn\u00edctvom starostlivosti a\u00a0pozornosti o\u00a0deti.<\/p>\n<p style=\"text-align: justify;\"><strong>Druh\u00e9 uva\u017eovanie: sl\u00e1va Boha. <\/strong>Sv\u00e4t\u00fd Ign\u00e1ca v\u00a0Princ\u00edpe a\u00a0Fundamente \u010falej hovor\u00ed, \u017ee \u010dlovek je stvoren\u00fd pre sl\u00e1vu Boha. Toto sa naplno prejavuje vtedy, ke\u010f chv\u00e1lime Boha v\u00a0modlitbe, ale aj vtedy, ke\u010f sa usilujeme zdokonali\u0165 na\u0161e diela, t\u00fdm, \u017ee ich rob\u00edme d\u00f4kladne a zodpovedne. Na\u0161e diela a konanie by malo by\u0165 tak\u00e9, \u017ee vzbudzuje a\u00a0vyvol\u00e1va chv\u00e1lu a\u00a0oslavu Boha.<\/p>\n<p style=\"text-align: justify;\"><strong>Rozhovor na konci medit\u00e1cie: <\/strong>V\u00a0rozhovore s\u00a0na\u0161\u00edm P\u00e1nom vzdajme Bohu v\u010faku zato, \u017ee n\u00e1m uk\u00e1zal dva vysok\u00e9 ciele n\u00e1\u0161ho \u017eivota. Na konci sa m\u00f4\u017eeme pomodli\u0165 modlitbu Ot\u010de n\u00e1\u0161.<\/p>\n<p style=\"text-align: justify;\">(spracovan\u00e9 pod\u013ea: Hernando Silva SJ, <em>Ejercicios espirituales en la vida corriente)<\/em><\/p>\n<p style=\"text-align: justify;\">\n","protected":false},"excerpt":{"rendered":"<p>Princ\u00edp a\u00a0Fundament Text na modlitbu: \u201e\u010clovek je stvoren\u00fd, aby chv\u00e1lil, vzd\u00e1val \u00factu a\u00a0sl\u00fa\u017eil Bohu n\u00e1\u0161mu P\u00e1novi.\u201c (DC 23) My\u0161lienky na uva\u017eovanie: Prv\u00e9 uva\u017eovanie: V\u00a0slu\u017eb\u00e1ch Boha \u2013 Princ\u00edp a\u00a0Fundament Duchovn\u00fdch cvi\u010den\u00ed sv. Ign\u00e1ca pripom\u00edna d\u00f4le\u017eit\u00fa pravdu \u2013 boli sme stvoren\u00ed, aby sme sl\u00fa\u017eili Bohu. Slu\u017ebu Bohu v\u0161ak nem\u00f4\u017eeme robi\u0165 priamo,<\/p>\n","protected":false},"author":2,"featured_media":0,"comment_status":"closed","ping_status":"closed","sticky":false,"template":"","format":"standard","meta":{"neve_meta_sidebar":"","neve_meta_container":"","neve_meta_enable_content_width":"","neve_meta_content_width":0,"neve_meta_title_alignment":"","neve_meta_author_avatar":"","neve_post_elements_order":"","neve_meta_disable_header":"","neve_meta_disable_footer":"","neve_meta_disable_title":"","_ti_tpc_template_sync":false,"_ti_tpc_template_id":""},"categories":[13],"tags":[127,150],"_links":{"self":[{"href":"http:\/\/ignacianskaspiritualita.sk\/index.php\/wp-json\/wp\/v2\/posts\/892"}],"collection":[{"href":"http:\/\/ignacianskaspiritualita.sk\/index.php\/wp-json\/wp\/v2\/posts"}],"about":[{"href":"http:\/\/ignacianskaspiritualita.sk\/index.php\/wp-json\/wp\/v2\/types\/post"}],"author":[{"embeddable":true,"href":"http:\/\/ignacianskaspiritualita.sk\/index.php\/wp-json\/wp\/v2\/users\/2"}],"replies":[{"embeddable":true,"href":"http:\/\/ignacianskaspiritualita.sk\/index.php\/wp-json\/wp\/v2\/comments?post=892"}],"version-history":[{"count":0,"href":"http:\/\/ignacianskaspiritualita.sk\/index.php\/wp-json\/wp\/v2\/posts\/892\/revisions"}],"wp:attachment":[{"href":"http:\/\/ignacianskaspiritualita.sk\/index.php\/wp-json\/wp\/v2\/media?parent=892"}],"wp:term":[{"taxonomy":"category","embeddable":true,"href":"http:\/\/ignacianskaspiritualita.sk\/index.php\/wp-json\/wp\/v2\/categories?post=892"},{"taxonomy":"post_tag","embeddable":true,"href":"http:\/\/ignacianskaspiritualita.sk\/index.php\/wp-json\/wp\/v2\/tags?post=892"}],"curies":[{"name":"wp","href":"https:\/\/api.w.org\/{rel}","templated":true}]}}