{"id":759,"date":"2010-06-17T11:22:08","date_gmt":"2010-06-17T11:22:08","guid":{"rendered":"http:\/\/test.ignacianskaspiritualita.sk\/?p=759"},"modified":"2010-06-17T11:22:08","modified_gmt":"2010-06-17T11:22:08","slug":"blahoslaveny-bernardo-francisco-de-hoyos","status":"publish","type":"post","link":"http:\/\/ignacianskaspiritualita.sk\/index.php\/2010\/06\/blahoslaveny-bernardo-francisco-de-hoyos\/","title":{"rendered":"Blahoslaven\u00fd Bernardo Francisco de Hoyos"},"content":{"rendered":"<p style=\"text-align: justify;\">\n<p style=\"text-align: justify;\"><strong>\u017divot a povolanie<\/strong><\/p>\n<p style=\"text-align: justify;\">Narodil sa 21. augusta 1711 v\u00a0Torrelobat\u00f3n. Jeho mama sa volala Franti\u0161ka a\u00a0otec Manuel. Otec pracoval na radnici. Nieko\u013eko rokov tr\u00e1vil ako \u0161kol\u00e1k vo Villagarc\u00eda de Campos, v\u00a0jezuitskom kol\u00e9giu. Pr\u00e1ve v\u00a0tomto \u010dase za\u010dal c\u00edti\u0165 prv\u00e9 t\u00fa\u017eby, aby sa stal jezuitom, jedn\u00fdm z nich. V\u00a0bl\u00edzkosti kol\u00e9gia sa toti\u017e nach\u00e1dzal aj novici\u00e1t. \u010casto sa stretal s\u00a0novicmi, videl ich rados\u0165. Novici ve\u013ea kr\u00e1t obedovali s\u00a0chudobn\u00fdmi, d\u00e1vali katech\u00e9zy de\u0165om z\u00a0farnosti alebo pom\u00e1hali v\u00a0nemocnici. Preto sa v\u00a0\u0148om objavila ot\u00e1zka: <!--more-->\u201ePre\u010do neby\u0165 jedn\u00e9ho d\u0148a ako oni?\u201c T\u00e1to t\u00fa\u017eba v\u00a0\u0148om r\u00e1stla, konzultoval ju zo svoj\u00edm spovedn\u00edkom. Vtedy mal asi 15 rokov. Podal si \u017eiados\u0165, ale predstaven\u00ed mu povedali, \u017ee je pr\u00edli\u0161 mal\u00fd. Nedal sa znechuti\u0165 a\u00a0znova n\u00e1stojil, aby mu dovolili vst\u00fapi\u0165 do Spolo\u010dnosti Je\u017ei\u0161ovej. Znova\u00a0 mu povedali in\u00fd d\u00f4vod, \u017ee e\u0161te nie je dostato\u010dne zrel\u00fd, aby uniesol \u0165archu \u017eivota a\u00a0\u017eivotn\u00fd \u0161t\u00fdl jezuitu. Nov\u00e9 sklamanie a\u00a0nov\u00fd z\u00e1pas o\u00a0povolanie. On sa v\u0161ak nevzdal. V\u00a0tom \u010dase do kol\u00e9gia a\u00a0domu Spolo\u010dnosti Je\u017ei\u0161ovej pri\u0161iel star\u0161\u00ed jezuita, s\u00a0ve\u013ekou autoritou (p\u00e1ter F\u00e9lix de Vargas), ktor\u00e9ho za\u010dal nav\u0161tevova\u0165, a\u00a0ktor\u00e9ho po\u017eiadal, aby ho podporil v\u00a0jeho \u00fasil\u00ed o\u00a0vstup do novici\u00e1tu SJ. Autorita tohto p\u00e1tra urobila svoje a\u00a0bol prijat\u00fd do novici\u00e1tu. Presne v\u00a0tom roku p\u00e1pe\u017e Benedikt XIII sl\u00e1vnostne kanonizoval v\u00a0R\u00edme Stanislava Kostku, po\u013esk\u00e9ho novica Spolo\u010dnosti Je\u017ei\u0161ovej. U\u017e v\u00a0prv\u00fdch mesiacoch, mu P\u00e1n za\u010dal otv\u00e1ra\u0165 mimoriadne tajomstvo jeho l\u00e1sky. Na za\u010diatku sa na\u013eakal toho, \u010do sa deje v\u00a0jeho vn\u00fatri, av\u0161ak s\u00a0pomocou svojho duchovn\u00e9ho sprievodcu, ktor\u00fd mu pom\u00e1hal, vstupoval do Bo\u017eieho tajomstva.<\/p>\n<p style=\"text-align: justify;\"><strong>\u0160t\u00fadi\u00e1<\/strong><\/p>\n<p style=\"text-align: justify;\">Po novici\u00e1te sa pres\u0165ahoval do Medina del Campo, aby tam za\u010dal \u0161tudova\u0165 filozofiu. V\u00a0Medina del Campo \u017eil od roku 1728 do roku 1731. V\u00a0tomto \u010dase udr\u017eiaval kontakt s\u00a0p\u00e1trom Juanom de Loyola SJ. Pre\u017e\u00edval ve\u013ek\u00fa bl\u00edzkos\u0165 Boha vo svojom srdci. 17. apr\u00edla 1729 na nede\u013eu P\u00e1novho zm\u0155tvychvstania, znova poc\u00edtil pokoj a\u00a0intenz\u00edvnu rados\u0165, ktor\u00e1 sa ho zmoc\u0148ovala. 15. Augusta 1730, na sviatok Nanebovst\u00fapenia Panny M\u00e1rie prijal od P\u00e1na mimoriadnu milos\u0165: \u201eTeraz sa m\u00f4\u017ee\u0161 podp\u00edsa\u0165 \u2013 Bernardo Je\u017ei\u0161ov ako ja som Je\u017ei\u0161 Bernardov.\u201c Rados\u0165, ktor\u00fa sk\u00fasil v\u00a0ten de\u0148 je prakticky nemo\u017en\u00e9 op\u00edsa\u0165 alebo vyjadri\u0165.\u00a0 \u0160t\u00fadi\u00e1 teol\u00f3gie absolvoval vo Valladolid. Po\u010das tohto obdobia dostal poznanie Je\u017ei\u0161ovej l\u00e1sky a\u00a0prijal mimoriadnu misiu \u0161\u00edri\u0165 \u00factu ku Sv\u00e4t\u00e9mu Srdcu Je\u017ei\u0161a, prijal misiu \u0161\u00edri\u0165 Je\u017ei\u0161ovu l\u00e1sku.<\/p>\n<p style=\"text-align: justify;\"><strong>Misia \u0161\u00edri\u0165 Je\u017ei\u0161ovu l\u00e1sku<\/strong><\/p>\n<p style=\"text-align: justify;\">V\u00a0pr\u00edpade tohto blahoslaven\u00e9ho to \u0161peci\u00e1lne sa odohr\u00e1va v\u00a0jeho vn\u00fatri. Predov\u0161etk\u00fdm \u017eivot viery a\u00a0l\u00e1sky s\u00a0Kristom dosahuje u\u00a0neho ist\u00fa podobu s\u00a0in\u00fdmi ve\u013ek\u00fdmi sv\u00e4t\u00fdmi (napr. sv. J\u00e1n z\u00a0Kr\u00ed\u017ea). S\u00fa to \u201ez\u00e1snuby s\u00a0Kristom\u201c. Ke\u010f mal 21 rokov, Je\u017ei\u0161 ho uviedol do tajomstva jeho vykupite\u013eskej l\u00e1sky uskuto\u010dnenej pre \u013eud\u00ed a\u00a0po\u017eiadal ho, aby to dal pozna\u0165 in\u00fdm. V\u00a0m\u00e1ji 1733 nap\u00edsal svojmu duchovn\u00e9mu sprievodcovi o\u00a0t\u00fdchto vn\u00fatorn\u00fdch z\u00e1\u017eitkoch (p\u00e1ter Juan de Loyola) a\u00a0taktie\u017e t\u00fato v\u00fdnimo\u010dn\u00fa milos\u0165 konzultoval so svoj\u00edm priate\u013eom August\u00ednom de Cardaveraz. Obaja mu vyjadrili podporu. Po vyjadren\u00ed tejto ich podpory vymyslel ak\u010dn\u00fd pl\u00e1n. Prv\u00e9, \u010do urobil zasv\u00e4til sa Sv\u00e4t\u00e9mu Srdcu Je\u017ei\u0161a a\u00a0to 12. J\u00fana 1733, podobne ako to urobil Klaudius de la Colombiere.<\/p>\n<p style=\"text-align: justify;\"><strong>Ak\u010dn\u00fd pl\u00e1n<\/strong><\/p>\n<p style=\"text-align: justify;\">Bernardo Francisco de Hoyos mal pl\u00e1n, ktor\u00fd pozost\u00e1val zo siedmich konkr\u00e9tnych bodov:<\/p>\n<p style=\"text-align: justify;\">Prv\u00fd bod \u2013 h\u013eada\u0165 podporu u\u00a0najd\u00f4le\u017eitej\u0161\u00edch jezuitov a\u00a0najv\u00e4\u010d\u0161\u00edch autor\u00edt provincie.<\/p>\n<p style=\"text-align: justify;\">Druh\u00fd bod \u2013 nap\u00edsa\u0165 knihy o\u00a0kulte a\u00a0\u00facte ku Sv\u00e4t\u00e9mu Srdcu Je\u017ei\u0161a, s\u00a0jasn\u00fdm teologick\u00fdm vysvetlen\u00edm.<\/p>\n<p style=\"text-align: justify;\">Tret\u00ed bod \u2013 publikova\u0165 r\u00f4zne let\u00e1\u010diky v\u00a0podobe obr\u00e1zkov o\u00a0Sv\u00e4tom Srdci Je\u017ei\u0161a, preto\u017ee v\u00a0tom \u010dase ve\u013ea \u013eud\u00ed nevedelo \u010d\u00edta\u0165 ani p\u00edsa\u0165.<\/p>\n<p style=\"text-align: justify;\">\u0160tvrt\u00fd bod \u2013 propagova\u0165 jednoduch\u00fa Nov\u00e9nu k\u00a0\u00facte Sv\u00e4t\u00e9ho Srdca Je\u017ei\u0161ovho po celom \u0160panielsku. Nov\u00e9ny boli praktick\u00e9 v\u00a0tom \u010dase a\u00a0ve\u013emi popul\u00e1rne.<\/p>\n<p style=\"text-align: justify;\">Piaty bod \u2013 to najv\u00fdznamnej\u0161ie rozhodnutie, aby zrealizoval tento pl\u00e1n, viac ne\u017e cez knihy, \u010di cez distrib\u00faciu sv\u00e4t\u00fdch obr\u00e1zkov, \u010di cez realiz\u00e1ciu nov\u00e9ny, bolo venova\u0165 sa \u013eudov\u00fdm misi\u00e1m. Precestoval mest\u00e1 a\u00a0dediny \u0160panielska, k\u00e1zal z\u00e1stupom \u013eud\u00ed, ktor\u00fdm hovoril o\u00a0\u00facte a\u00a0kultu ku Sv\u00e4t\u00e9mu Srdcu Je\u017ei\u0161a.<\/p>\n<p style=\"text-align: justify;\">\u0160iesty bod \u2013 z\u00edska\u0165 \u0161panielskych biskupov, aby poslali ofici\u00e1lnu \u017eiados\u0165 Sv\u00e4t\u00e9mu Otcovi, aby ustanovil vlastn\u00fa sv\u00e4t\u00fa om\u0161u Je\u017ei\u0161ovho Srdca, podobne ako to u\u017e existovalo v\u00a0in\u00fdch \u010dastiach sveta.<\/p>\n<p style=\"text-align: justify;\">Siedmy bod \u2013 z\u00edska\u0165 pre t\u00fato vec nielen \u0161panielskych biskupov, ale tie\u017e \u0161panielske rodiny, a\u00a0to aj rodinu kr\u00e1\u013ea Filipa V, aby prosil p\u00e1pe\u017ea o\u00a0povolenie tohto sviatku pre \u0160panielsko a\u00a0jeho z\u00e1morsk\u00e9 kol\u00f3nie.<\/p>\n<p style=\"text-align: justify;\">Toto bol jeho pl\u00e1n, na ktorom nepracoval s\u00e1m. Konzultoval ho s\u00a0nieko\u013ek\u00fdmi jezuitmi a\u00a0priate\u013emi jezuitov. R\u00e1d pracoval v\u00a0skupine. Spojenie s\u00a0viacer\u00fdmi v\u017edy d\u00e1va silu a\u00a0v\u017edy bude pravdou, \u017ee dve o\u010di vidia viac ako jedno. Ihne\u010f sa pustili do jednotliv\u00fdch aktiv\u00edt. A\u00a0P\u00e1n im pom\u00e1hal, bol s\u00a0nimi. Po\u010das tejto misie sa stretol s\u00a0mnoh\u00fdmi \u0165a\u017ekos\u0165ami a\u00a0prek\u00e1\u017ekami, ale s pomocou P\u00e1na sa v\u0161etko vyrie\u0161ilo.<\/p>\n<p style=\"text-align: justify;\"><strong>Kristov k\u0148az<\/strong><\/p>\n<p style=\"text-align: justify;\">V\u00a0decembri 1734 prijal subdiakon\u00e1t a\u00a0diakon\u00e1t a\u00a02. janu\u00e1ra 1735 bol vysv\u00e4ten\u00fd na k\u0148aza spolu s\u00a0in\u00fdmi dvoma jezuitmi. Vysv\u00e4til ich biskup z\u00a0mesta Valladolid. Prv\u00fa sv\u00e4t\u00fa om\u0161u celebroval na sviatok Zjavenia P\u00e1na v\u00a0kostole kol\u00e9gia sv\u00e4t\u00e9ho Ign\u00e1ca. Pokra\u010doval v\u00a0\u0161t\u00fadiu posledn\u00e9ho ro\u010dn\u00edka teol\u00f3gie a\u00a0ve\u013ea spoved\u00e1val v\u00a0kostole kol\u00e9gia sv. Ambr\u00f3za. Nesk\u00f4r bol pres\u0165ahovan\u00fd do in\u00e9ho kol\u00e9gia, ktor\u00e9 jezuiti mali v\u00a0meste Valladolid, aby za\u010dal tzv. \u201etretiu prob\u00e1ciu\u201c, \u0161peci\u00e1lny novici\u00e1t, aby si op\u00e4\u0165 preh\u013abil l\u00e1sku k\u00a0Bohu a\u00a0k Spolo\u010dnosti Je\u017ei\u0161ovej, a\u00a0\u00faplne sa mu v\u00a0tejto Spolo\u010dnosti odovzdal.<\/p>\n<p style=\"text-align: justify;\"><strong>Prechod do ve\u010dnosti<\/strong><\/p>\n<p style=\"text-align: justify;\">Jedn\u00e9ho d\u0148a sa c\u00edtil ve\u013emi zle. Mal vysok\u00fa hor\u00fa\u010dku. Ochorel na t\u00fdfus a\u00a0po \u0165a\u017ekej chorobe 29. novembra 1735 zomrel vo veku 24 rokov. Jeho posledn\u00e9 slov\u00e1 boli: \u201e\u00d3, ak\u00e9 dobr\u00e9 je preb\u00fdva\u0165 vo Sv\u00e4tom Srdci Je\u017ei\u0161a.\u201c Pochovan\u00fd bol do jezuitskej krypty v\u00a0kostole sv. Ign\u00e1ca.<\/p>\n<p style=\"text-align: justify;\">\n","protected":false},"excerpt":{"rendered":"<p>\u017divot a povolanie Narodil sa 21. augusta 1711 v\u00a0Torrelobat\u00f3n. Jeho mama sa volala Franti\u0161ka a\u00a0otec Manuel. Otec pracoval na radnici. Nieko\u013eko rokov tr\u00e1vil ako \u0161kol\u00e1k vo Villagarc\u00eda de Campos, v\u00a0jezuitskom kol\u00e9giu. Pr\u00e1ve v\u00a0tomto \u010dase za\u010dal c\u00edti\u0165 prv\u00e9 t\u00fa\u017eby, aby sa stal jezuitom, jedn\u00fdm z nich. V\u00a0bl\u00edzkosti kol\u00e9gia sa toti\u017e nach\u00e1dzal aj novici\u00e1t. \u010casto sa stretal&hellip;&nbsp;<a href=\"http:\/\/ignacianskaspiritualita.sk\/index.php\/2010\/06\/blahoslaveny-bernardo-francisco-de-hoyos\/\" rel=\"bookmark\">\u010c\u00edta\u0165 viac &raquo;<span class=\"screen-reader-text\">Blahoslaven\u00fd Bernardo Francisco de Hoyos<\/span><\/a><\/p>\n","protected":false},"author":2,"featured_media":0,"comment_status":"closed","ping_status":"closed","sticky":false,"template":"","format":"standard","meta":{"neve_meta_sidebar":"","neve_meta_container":"","neve_meta_enable_content_width":"","neve_meta_content_width":0,"neve_meta_title_alignment":"","neve_meta_author_avatar":"","neve_post_elements_order":"","neve_meta_disable_header":"","neve_meta_disable_footer":"","neve_meta_disable_title":"","_ti_tpc_template_sync":false,"_ti_tpc_template_id":""},"categories":[56],"tags":[93,109,174],"_links":{"self":[{"href":"http:\/\/ignacianskaspiritualita.sk\/index.php\/wp-json\/wp\/v2\/posts\/759"}],"collection":[{"href":"http:\/\/ignacianskaspiritualita.sk\/index.php\/wp-json\/wp\/v2\/posts"}],"about":[{"href":"http:\/\/ignacianskaspiritualita.sk\/index.php\/wp-json\/wp\/v2\/types\/post"}],"author":[{"embeddable":true,"href":"http:\/\/ignacianskaspiritualita.sk\/index.php\/wp-json\/wp\/v2\/users\/2"}],"replies":[{"embeddable":true,"href":"http:\/\/ignacianskaspiritualita.sk\/index.php\/wp-json\/wp\/v2\/comments?post=759"}],"version-history":[{"count":0,"href":"http:\/\/ignacianskaspiritualita.sk\/index.php\/wp-json\/wp\/v2\/posts\/759\/revisions"}],"wp:attachment":[{"href":"http:\/\/ignacianskaspiritualita.sk\/index.php\/wp-json\/wp\/v2\/media?parent=759"}],"wp:term":[{"taxonomy":"category","embeddable":true,"href":"http:\/\/ignacianskaspiritualita.sk\/index.php\/wp-json\/wp\/v2\/categories?post=759"},{"taxonomy":"post_tag","embeddable":true,"href":"http:\/\/ignacianskaspiritualita.sk\/index.php\/wp-json\/wp\/v2\/tags?post=759"}],"curies":[{"name":"wp","href":"https:\/\/api.w.org\/{rel}","templated":true}]}}