{"id":253,"date":"2010-02-07T00:55:26","date_gmt":"2010-02-06T23:55:26","guid":{"rendered":"http:\/\/jezuiti.sk\/blog\/daryvdialogu\/?p=253"},"modified":"2010-02-07T00:55:26","modified_gmt":"2010-02-06T23:55:26","slug":"proste-a-dostanete","status":"publish","type":"post","link":"http:\/\/ignacianskaspiritualita.sk\/index.php\/2010\/02\/proste-a-dostanete\/","title":{"rendered":"Proste a dostanete"},"content":{"rendered":"<p class=\"MsoNormal\" style=\"text-align: justify; padding-left: 30px;\"><strong>Pre\u010do sa modli\u0165 za povolania?<\/strong><\/p>\n<p class=\"MsoNormal\" style=\"text-align: justify;\">Prv\u00fd \u0161tvrtok v\u00a0mesiaci je v Cirkvi aj d\u0148om modlitieb za nov\u00e9 duchovn\u00e9 povolania. Modlitba za povolania siaha a\u017e do \u010dias Je\u017ei\u0161a Krista. Od t\u00fdchto \u010dias sa zakorenila v\u00a0Cirkvi a\u017e podnes. Nie je to teda nie\u010do nov\u00e9. V\u00a0tomto kr\u00e1tkom pr\u00edspevku v\u00e1m chcem pribl\u00ed\u017ei\u0165 prv\u00e9 tri obdobia Cirkvi: modlitba za povolania za \u010dias Je\u017ei\u0161a v\u00a0evanjeli\u00e1ch, modlitba za povolania v\u00a0prv\u00fdch kres\u0165ansk\u00fdch komunit\u00e1ch a\u00a0obdobie cirkevn\u00fdch Otcov, ktor\u00ed vo svojich k\u00e1z\u0148ach, pr\u00edhovoroch \u010dasto zd\u00f4raz\u0148ovali tento podstatn\u00fd element.<!--more--><\/p>\n<p class=\"MsoNormal\" style=\"text-align: center;\">Je\u017ei\u0161 nielen svoj\u00edm pr\u00edkladom, ale aj vo svojich kr\u00e1tkych pr\u00edhovoroch, \u00famyselne v\u0161tepoval svojim nasledovn\u00edkom modlitbu za povolania. Osobn\u00fd pr\u00edklad Je\u017ei\u0161a Krista, ktor\u00fd sa modl\u00ed za povolania, zachyt\u00e1va sv. Luk\u00e1\u0161: \u201eV t\u00fdch d\u0148och vy\u0161iel na vrch modli\u0165 sa a str\u00e1vil cel\u00fa noc v modlitbe s Bohom. Ke\u010f sa rozodnilo, zavolal si u\u010den\u00edkov a vyvolil si z nich Dvan\u00e1stich, ktor\u00fdch nazval apo\u0161tolmi.&#8220; (Lk 6, 12-13)<\/p>\n<p class=\"MsoNormal\" style=\"text-align: justify;\">A\u00a0potom v\u00a0evanjeli\u00e1ch sv. Mat\u00fa\u0161a a\u00a0sv. Luk\u00e1\u0161a zase n\u00e1jdeme Je\u017ei\u0161a, ktor\u00fd poz\u00fdva k\u00a0modlitbe, aby bolo viac robotn\u00edkov pre Bo\u017eie kr\u00e1\u013eovstvo. Pr\u00edkladom s\u00fa tieto texty: \u201eA\u00a0Je\u017ei\u0161 chodil po v\u0161etk\u00fdch mest\u00e1ch a\u00a0dedin\u00e1ch, u\u010dil v\u00a0ich synag\u00f3gach, hl\u00e1sal evanjelium o\u00a0kr\u00e1\u013eovstve a\u00a0uzdravoval ka\u017ed\u00fd neduh a\u00a0ka\u017ed\u00fa chorobu. Ke\u010f videl z\u00e1stupy, z\u013eutoval sa nad nimi, lebo boli zmoren\u00e9 a\u00a0sklesnut\u00e9 ako ovce bez pastiera. Vtedy povedal svojim u\u010den\u00edkom: \u201e\u017datva je ve\u013ek\u00e1, ale robotn\u00edkov m\u00e1lo. Preto proste P\u00e1na \u017eatvy, aby poslal robotn\u00edkov na svoju \u017eatvu.\u201c (Mt 9, 35-38) alebo \u201ePotom P\u00e1n vyvolil in\u00fdch sedemdesiatich dvoch a\u00a0po dvoch ich poslal pred sebou do ka\u017ed\u00e9ho mesta a\u00a0na ka\u017ed\u00e9 miesto kam sa s\u00e1m chystal \u00eds\u0165. A\u00a0povedal im: \u201e\u017datva je ve\u013ek\u00e1, ale robotn\u00edkov m\u00e1lo. Preto proste P\u00e1na \u017eatvy, aby poslal robotn\u00edkov na svoju \u017eatvu! Cho\u010fte! H\u013ea, posielam v\u00e1s ako bar\u00e1nkov medzi vlkov.\u201c (Lk 10, 1-3) Vo v\u0161etk\u00fdch pr\u00edpadoch, udalostiach, ktor\u00e9 \u010d\u00edtame v\u00a0evanjeli\u00e1ch, vid\u00edme, \u017ee je tu \u00fazky vz\u0165ah medzi modlitbou za povolania a\u00a0poslan\u00edm, misiou.<\/p>\n<p class=\"MsoNormal\" style=\"text-align: justify;\">Prvotn\u00e1 Cirkev budovala tie\u017e na tomto \u00fazkom vz\u0165ahu modlitby a\u00a0poslania, misie. Napr\u00edklad, ke\u010f sa mal pripoji\u0165 k\u00a0apo\u0161tolom nov\u00fd \u010dlen namiesto Jud\u00e1\u0161a, sv. Peter v\u00a0mene komunity \u017eiadal Boha, aby bol On ten, ktor\u00fd vyber\u00e1: \u201eA\u00a0modlili sa: \u201ePane, ty pozn\u00e1\u0161 srdcia v\u0161etk\u00fdch \u013eud\u00ed; uk\u00e1\u017e, ktor\u00e9ho z\u00a0t\u00fdchto dvoch si si vyvolil, aby zaujal miesto v\u00a0tejto slu\u017ebe a\u00a0apo\u0161tol\u00e1te, ktor\u00fdm sa Jud\u00e1\u0161 spreneveril, aby odi\u0161iel na svoje miesto.\u201c (Sk 1, 24-25) Vo v\u00fdbere a\u00a0vo\u013ebe prv\u00fdch diakonov je tie\u017e na prvom mieste pr\u00edtomn\u00e1 modlitba za povolania. Kres\u0165ansk\u00e1 komunita predstavuje apo\u0161tolom sedem s\u00facich mu\u017eov, aby prevzali zodpovednos\u0165 v\u00a0Cirkvi. Apo\u0161toli sa najprv modlili: \u201ePostavili ich pred apo\u0161tolov a\u00a0oni sa modlili a\u00a0vlo\u017eili na nich ruky.\u201c (Sk 6,6) Samozrejme, \u017ee pri ka\u017edej vo\u013ebe, \u010di v\u00fdbere nov\u00fdch spolupracovn\u00edkov do slu\u017eby p\u00f4sobil aj Duch Sv\u00e4t\u00fd, ktor\u00e9ho dostali apo\u0161toli od Je\u017ei\u0161a.<\/p>\n<p class=\"MsoNormal\" style=\"text-align: justify;\">D\u00f4le\u017eitos\u0165 modlitby za nov\u00e9 povolania potvrdzuj\u00fa aj Otcovia Cirkvi. Spomeniem dvoch z\u00a0nich: sv. Hypolit a\u00a0sv. Hil\u00e1r. Apo\u0161tolsk\u00e1 trad\u00edcia n\u00e1m odovzd\u00e1va formulu modlitby, ktor\u00e1 je pripisovan\u00e1 sv. Hypolitovi: \u201eOtec, presk\u00famaj srdcia a\u00a0ude\u013e tomuto svojmu slu\u017eobn\u00edkovi, ktor\u00e9ho si vybral na hodnos\u0165 biskupa, p\u00e1s\u0165 tvoje sv\u00e4t\u00e9 st\u00e1do a\u00a0vykon\u00e1va\u0165 bez\u00fahonne tvoje najvy\u0161\u0161ie k\u0148azstvo.\u201c<\/p>\n<p class=\"MsoNormal\" style=\"text-align: justify;\">\u010eal\u0161\u00edm ve\u013ek\u00fdm otcom Cirkvi je sv. Hil\u00e1r, ktor\u00fd hovor\u00ed: \u201eJe nevyhnutn\u00e9 modli\u0165 sa k\u00a0P\u00e1novi \u017eatvy, aby poslal \u010do najviac robotn\u00edkov na svoje pole, a\u00a0je nevyhnutn\u00e9 poveda\u0165, \u017ee treba sa modli\u0165, aby Boh udelil bohat\u00fdm koscom dar Ducha Sv\u00e4t\u00e9ho, ktor\u00fd u\u017e bol pre nich pripraven\u00fd. Lebo tento dar sa n\u00e1m ude\u013euje pr\u00e1ve cez modlitbu a\u00a0cez prosbu.\u201c<\/p>\n<p class=\"MsoNormal\" style=\"text-align: justify;\">Na z\u00e1ver prip\u00e1jam modlitbu za povolania od p\u00e1pe\u017ea Benedikta:<\/p>\n<p><em>Ot\u010de, daj aby sa medzi kres\u0165anmi<\/em><br \/>\n<em>zrodili mnoh\u00e9 sv\u00e4t\u00e9 povolania na k\u0148azstvo,<\/em><br \/>\n<em>ktor\u00e9 bud\u00fa udr\u017eiava\u0165 \u017eiv\u00fa vieru<\/em><br \/>\n<em>a uchovaj\u00fa v\u010fa\u010dn\u00fa spomienku na tvojho Syna Je\u017ei\u0161a<\/em><br \/>\n<em>prostredn\u00edctvom ohlasovania jeho slova<\/em><br \/>\n<em>a vysluhovania sviatost\u00ed,<\/em><br \/>\n<em>ktor\u00fdmi neust\u00e1le obnovuje\u0161 svojich veriacich.<\/em><br \/>\n<em>Daj n\u00e1m sv\u00e4t\u00fdch slu\u017eobn\u00edkov tvojho olt\u00e1ra,<\/em><br \/>\n<em>aby boli pozorn\u00fdmi a horliv\u00fdmi str\u00e1\u017ecami Eucharistie,<\/em><br \/>\n<em>sviatosti najvy\u0161\u0161ieho Kristovho daru na sp\u00e1su sveta.<\/em><br \/>\n<em>Povolaj slu\u017eobn\u00edkov tvojho milosrdenstva,<\/em><br \/>\n<em>ktor\u00ed prostredn\u00edctvom sviatosti zmierenia<\/em><br \/>\n<em>bud\u00fa roz\u0161irova\u0165 rados\u0165 z tvojho odpustenia.<\/em><br \/>\n<em>U\u010di\u0148, Ot\u010de, aby Cirkev s rados\u0165ou prijala<\/em><br \/>\n<em>mnoh\u00e9 vnuknutia od Ducha tvojho Syna,<\/em><br \/>\n<em>a ochotne sa riadila jeho usmerneniami,<\/em><br \/>\n<em>starala sa o povolania do k\u0148azskej slu\u017eby<\/em><br \/>\n<em>a reho\u013en\u00e9ho \u017eivota.<\/em><br \/>\n<em>Pom\u00e1haj biskupom, k\u0148azom, diakonom,<\/em><br \/>\n<em>zasv\u00e4ten\u00fdm osob\u00e1m<\/em><br \/>\n<em>a v\u0161etk\u00fdm pokrsten\u00fdm v Kristovi,<\/em><br \/>\n<em>aby verne plnili svoje poslanie v slu\u017ebe evanjeliu.<\/em><br \/>\n<em>O to \u0165a pros\u00edme skrze Krista, n\u00e1\u0161ho P\u00e1na.<\/em><br \/>\n<em>Amen.<\/em><br \/>\n<em>M\u00e1ria, Kr\u00e1\u013eovn\u00e1 apo\u0161tolov, oroduj za n\u00e1s!<\/em><br \/>\n<em><span style=\"font-family: &amp;amp;amp;\">Benedikt XVI.<\/span><\/em><\/p>\n<p style=\"text-align: left;\"><em> <\/em><\/p>\n","protected":false},"excerpt":{"rendered":"<p>Pre\u010do sa modli\u0165 za povolania? Prv\u00fd \u0161tvrtok v\u00a0mesiaci je v Cirkvi aj d\u0148om modlitieb za nov\u00e9 duchovn\u00e9 povolania. Modlitba za povolania siaha a\u017e do \u010dias Je\u017ei\u0161a Krista. Od t\u00fdchto \u010dias sa zakorenila v\u00a0Cirkvi a\u017e podnes. Nie je to teda nie\u010do nov\u00e9. V\u00a0tomto kr\u00e1tkom pr\u00edspevku v\u00e1m chcem pribl\u00ed\u017ei\u0165 prv\u00e9 tri obdobia Cirkvi: modlitba za povolania za&hellip;&nbsp;<a href=\"http:\/\/ignacianskaspiritualita.sk\/index.php\/2010\/02\/proste-a-dostanete\/\" rel=\"bookmark\">\u010c\u00edta\u0165 viac &raquo;<span class=\"screen-reader-text\">Proste a dostanete<\/span><\/a><\/p>\n","protected":false},"author":2,"featured_media":0,"comment_status":"closed","ping_status":"closed","sticky":false,"template":"","format":"standard","meta":{"neve_meta_sidebar":"","neve_meta_container":"","neve_meta_enable_content_width":"","neve_meta_content_width":0,"neve_meta_title_alignment":"","neve_meta_author_avatar":"","neve_post_elements_order":"","neve_meta_disable_header":"","neve_meta_disable_footer":"","neve_meta_disable_title":"","_ti_tpc_template_sync":false,"_ti_tpc_template_id":""},"categories":[1],"tags":[108,174],"_links":{"self":[{"href":"http:\/\/ignacianskaspiritualita.sk\/index.php\/wp-json\/wp\/v2\/posts\/253"}],"collection":[{"href":"http:\/\/ignacianskaspiritualita.sk\/index.php\/wp-json\/wp\/v2\/posts"}],"about":[{"href":"http:\/\/ignacianskaspiritualita.sk\/index.php\/wp-json\/wp\/v2\/types\/post"}],"author":[{"embeddable":true,"href":"http:\/\/ignacianskaspiritualita.sk\/index.php\/wp-json\/wp\/v2\/users\/2"}],"replies":[{"embeddable":true,"href":"http:\/\/ignacianskaspiritualita.sk\/index.php\/wp-json\/wp\/v2\/comments?post=253"}],"version-history":[{"count":0,"href":"http:\/\/ignacianskaspiritualita.sk\/index.php\/wp-json\/wp\/v2\/posts\/253\/revisions"}],"wp:attachment":[{"href":"http:\/\/ignacianskaspiritualita.sk\/index.php\/wp-json\/wp\/v2\/media?parent=253"}],"wp:term":[{"taxonomy":"category","embeddable":true,"href":"http:\/\/ignacianskaspiritualita.sk\/index.php\/wp-json\/wp\/v2\/categories?post=253"},{"taxonomy":"post_tag","embeddable":true,"href":"http:\/\/ignacianskaspiritualita.sk\/index.php\/wp-json\/wp\/v2\/tags?post=253"}],"curies":[{"name":"wp","href":"https:\/\/api.w.org\/{rel}","templated":true}]}}