{"id":1984,"date":"2021-01-28T08:15:49","date_gmt":"2021-01-28T08:15:49","guid":{"rendered":"http:\/\/ignacianskaspiritualita.sk\/?p=1984"},"modified":"2021-02-18T15:03:43","modified_gmt":"2021-02-18T15:03:43","slug":"sme-strazcami-vsetkeho-stvorenia","status":"publish","type":"post","link":"http:\/\/ignacianskaspiritualita.sk\/index.php\/2021\/01\/sme-strazcami-vsetkeho-stvorenia\/","title":{"rendered":"Sme str\u00e1\u017ecami v\u0161etk\u00e9ho stvorenia"},"content":{"rendered":"\n<blockquote class=\"wp-block-quote has-text-align-center\"><p><em>&#8222;Zveleben\u00fd bu\u010f, Bo\u017ee na\u0161ich otcov, a nech je zveleben\u00e9 tvoje meno po v\u0161etky veky vekov! Nech ti dobrore\u010dia nebesia i v\u0161etko tvoje stvorenie po v\u0161etky veky!&#8220;<\/em> <\/p><p>Tobi\u00e1\u0161 8, 5<\/p><\/blockquote>\n\n\n\n<p class=\"has-text-align-left\"><strong>Encyklika <em>Laudato si<\/em>, 64<\/strong><\/p>\n\n\n\n<p class=\"has-text-align-center justify\"><em>Chcem hne\u010f od za\u010diatku uk\u00e1za\u0165, ako presved\u010denie viery pon\u00faka kres\u0165anom a \u010diasto\u010dne aj in\u00fdm veriacim vzne\u0161en\u00e9 motiv\u00e1cie, aby sa starali o pr\u00edrodu a o najkrehkej\u0161\u00edch bratov a&nbsp;sestry. Ak samotn\u00fd fakt \u013eudskosti podnecuje \u013eud\u00ed, aby sa starali o \u017eivotn\u00e9 prostredie, ktor\u00e9ho s\u00fa s\u00fa\u010das\u0165ou,<\/em> <em>kres\u0165ania si obzvl\u00e1\u0161\u0165 uvedomuj\u00fa, \u017ee ich \u00falohy v r\u00e1mci cel\u00e9ho stvorenia, ich povinnosti vzh\u013eadom na pr\u00edrodu a Stvorite\u013ea s\u00fa s\u00fa\u010das\u0165ou ich viery.<\/em><\/p>\n\n\n\n<p class=\"has-text-align-left\"><strong>Uva\u017eujme<\/strong><\/p>\n\n\n\n<p class=\"has-text-align-center justify\">Bo\u017eie slovo n\u00e1s u\u010d\u00ed vn\u00edma\u0165 v\u0161etko stvorenie ako Bo\u017e\u00ed dar, za ktor\u00fd m\u00e1me zvelebova\u0165 Stvorite\u013ea a&nbsp;dobrore\u010di\u0165 mu. P\u00e1pe\u017e Franti\u0161ek tvrd\u00ed, \u017ee stara\u0165 sa o&nbsp;\u017eivotn\u00e9 prostredie a&nbsp;o&nbsp;najkrehkej\u0161\u00edch bratov a&nbsp;sestry je s\u00fa\u010das\u0165ou na\u0161ej viery v&nbsp;Boha Stvorite\u013ea. Boh n\u00e1m zveril v\u0161etko stvorenie a&nbsp;rob\u00ed n\u00e1s za\u0148 zodpovedn\u00fdm. Na\u0161\u00edm povolan\u00edm je by\u0165 str\u00e1\u017ecami svojich bratov, sestier, cel\u00e9ho stvoren\u00e9ho sveta.Stara\u0165 sa o spolo\u010dn\u00fd dom je neoddelite\u013enou s\u00fa\u010das\u0165ou na\u0161ej viery a n\u00e1\u0161ho kres\u0165ansk\u00e9ho \u017eivota a nie je iba nie\u010d\u00edm druhorad\u00fdm. N\u00e1bo\u017eenstvo m\u00f4\u017ee \u00fa\u010dinne posilni\u0165 duchovnej\u0161\u00ed a umiernen\u00fd \u017eivotn\u00fd \u0161t\u00fdl, aby sa zastavilo \u010fal\u0161ie ni\u010denie plan\u00e9ty. Chr\u00e1ni\u0165 stvorenie znamen\u00e1 re\u0161pektova\u0165 ho a milova\u0165. Znamen\u00e1 to ochra\u0148ova\u0165 \u013eud\u00ed, s l\u00e1skou sa stara\u0165 o v\u0161etk\u00fdch, o ka\u017ed\u00e9ho \u010dloveka, osobitne o deti, star\u00fdch, o t\u00fdch, ktor\u00ed s\u00fa slab\u0161\u00ed a s\u00fa v na\u0161om srdci na okraji z\u00e1ujmu. Pam\u00e4tajme, \u017ee sme povolan\u00ed stara\u0165 sa o seba navz\u00e1jom, a nie sa uzatv\u00e1ra\u0165 do&nbsp;sebectva. Nezab\u00fadajme, \u017ee nejestvuje nijak\u00fd in\u00fd d\u00f4vod stvorenia ako l\u00e1ska. V&nbsp;nej sa zjavuje Bo\u017eia sl\u00e1va a&nbsp;vzne\u0161enos\u0165. Boh n\u00e1s povol\u00e1va, aby sme boli ochrancami jeho darov, aj daru stvoren\u00e9ho sveta, daru pr\u00edrody a&nbsp;\u017eivotn\u00e9ho prostredia. Aj preto n\u00e1m sv\u00e4t\u00e1 Katar\u00edna Siensk\u00e1 odkazuje: <em>Neverte tomu, \u017ee Boh n\u00e1m chce zak\u00e1za\u0165 v\u0161etku l\u00e1sku k svetu. Nie, m\u00e1me svet milova\u0165, lebo v\u0161etko, \u010domu dal bytie, je hodn\u00e9 na\u0161ej l\u00e1sky<\/em>.<strong><\/strong><\/p>\n\n\n\n<p class=\"has-text-align-left\"><strong>Modlime sa<\/strong><\/p>\n\n\n\n<p class=\"has-text-align-center justify\"><em>Pane, zvelebujeme \u0165a, \u017ee si stvoril na\u0161u n\u00e1dhern\u00fa zem a&nbsp;v\u0161etko, \u010do je na nej. Pros\u00edme, nau\u010d n\u00e1s zodpovednej l\u00e1ske za ka\u017ed\u00e9ho \u010dloveka a&nbsp;za cel\u00fd stvoren\u00fd svet, lebo bez zodpovednej l\u00e1sky zni\u010d\u00edme svet a&nbsp;\u017eivot na \u0148om. Pom\u00e1haj n\u00e1m ma\u0165 v \u00facte ka\u017ed\u00e9ho \u010dloveka a&nbsp;v\u0161etko stvorenie. Nau\u010d n\u00e1s, \u017ee s\u00fa\u010das\u0165ou na\u0161ej viery je chr\u00e1ni\u0165 \u010dloveka a \u017eivotn\u00e9 prostredie.<\/em><\/p>\n\n\n\n<p class=\"has-text-align-center\"><strong>MODLITBA KRES\u0164ANOV A CEL\u00c9HO STVORENIA<\/strong><\/p>\n\n\n\n<p class=\"has-text-align-center\">Chv\u00e1lime \u0165a, Ot\u010de, so v\u0161etk\u00fdmi tvojimi stvoreniami, ktor\u00e9 vy\u0161li z tvojej mocnej ruky.<\/p>\n\n\n\n<p class=\"has-text-align-center\">S\u00fa tvoje a pln\u00e9 tvojej pr\u00edtomnosti a ne\u017enosti. Bu\u010f pochv\u00e1len\u00fd!<\/p>\n\n\n\n<p class=\"has-text-align-center\">Syn Bo\u017e\u00ed, Je\u017ei\u0161,<\/p>\n\n\n\n<p class=\"has-text-align-center\">skrze teba boli stvoren\u00e9 v\u0161etky veci.<\/p>\n\n\n\n<p class=\"has-text-align-center\">Vzal si na seba podobu v materskom lone M\u00e1rie,<\/p>\n\n\n\n<p class=\"has-text-align-center\">stal si sa s\u00fa\u010das\u0165ou tejto zeme<\/p>\n\n\n\n<p class=\"has-text-align-center\">a d\u00edval si sa na tento svet \u013eudsk\u00fdmi o\u010dami.<\/p>\n\n\n\n<p class=\"has-text-align-center\">Dnes si \u017eiv\u00fd v ka\u017edom stvoren\u00ed sl\u00e1vou svojho vzkriesenia.<\/p>\n\n\n\n<p class=\"has-text-align-center\">Bu\u010f pochv\u00e1len\u00fd!<\/p>\n\n\n\n<p class=\"has-text-align-center\">Duch Sv\u00e4t\u00fd, svoj\u00edm svetlom usmer\u0148uje\u0161 tento svet k l\u00e1ske Otca<\/p>\n\n\n\n<p class=\"has-text-align-center\">a sprev\u00e1dza\u0161 vzdych stvorenia; \u017eije\u0161 aj v na\u0161ich srdciach<\/p>\n\n\n\n<p class=\"has-text-align-center\">a podnecuje\u0161 n\u00e1s k dobru.<\/p>\n\n\n\n<p class=\"has-text-align-center\">Bu\u010f pochv\u00e1len\u00fd!<\/p>\n\n\n\n<p class=\"has-text-align-center\">Pane Bo\u017ee trojjedin\u00fd,<\/p>\n\n\n\n<p class=\"has-text-align-center\">\u00fa\u017easn\u00e9 spolo\u010denstvo nekone\u010dnej l\u00e1sky,<\/p>\n\n\n\n<p class=\"has-text-align-center\">nau\u010d n\u00e1s kontemplova\u0165 \u0165a v kr\u00e1se vesm\u00edru,<\/p>\n\n\n\n<p class=\"has-text-align-center\">kde v\u0161etko hovor\u00ed o tebe.<\/p>\n\n\n\n<p class=\"has-text-align-center\">Prebu\u010f na\u0161u chv\u00e1lu a v\u010fa\u010dnos\u0165 za ka\u017ed\u00fa bytos\u0165, ktor\u00fa si stvoril.<\/p>\n\n\n\n<p class=\"has-text-align-center\">Daj n\u00e1m milos\u0165 c\u00edti\u0165 sa vn\u00fatorne spojen\u00ed so v\u0161etk\u00fdm, \u010do existuje.<\/p>\n\n\n\n<p class=\"has-text-align-center\">Bo\u017ee l\u00e1sky, uk\u00e1\u017e n\u00e1m na\u0161e miesto na tomto svete<\/p>\n\n\n\n<p class=\"has-text-align-center\">ako n\u00e1strojom tvojej l\u00e1sky vo\u010di v\u0161etk\u00fdm bytostiam tejto zeme,<\/p>\n\n\n\n<p class=\"has-text-align-center\">lebo ty ani na jednu z nich nezab\u00fada\u0161.<\/p>\n\n\n\n<p class=\"has-text-align-center\">Osvie\u0165 dr\u017eite\u013eov moci a pe\u0148az\u00ed,<\/p>\n\n\n\n<p class=\"has-text-align-center\">aby neupadali do hriechu \u013eahostajnosti,<\/p>\n\n\n\n<p class=\"has-text-align-center\">milovali spolo\u010dn\u00e9 dobro,<\/p>\n\n\n\n<p class=\"has-text-align-center\">podporovali slab\u00fdch<\/p>\n\n\n\n<p class=\"has-text-align-center\">a starali sa o tento svet, na ktorom b\u00fdvame.<\/p>\n\n\n\n<p class=\"has-text-align-center\">Chudobn\u00ed a zem kri\u010dia:<\/p>\n\n\n\n<p class=\"has-text-align-center\">Pane, ujmi sa n\u00e1s svojou mocou a svoj\u00edm svetlom,<\/p>\n\n\n\n<p class=\"has-text-align-center\">aby sme chr\u00e1nili ka\u017ed\u00fd \u017eivot<\/p>\n\n\n\n<p class=\"has-text-align-center\">a pripravovali lep\u0161iu bud\u00facnos\u0165,<\/p>\n\n\n\n<p class=\"has-text-align-center\">aby pri\u0161lo tvoje kr\u00e1\u013eovstvo spravodlivosti, pokoja, l\u00e1sky a kr\u00e1sy.<\/p>\n\n\n\n<p class=\"has-text-align-center\">Bu\u010f pochv\u00e1len\u00fd! Amen.<\/p>\n\n\n\n<p class=\"has-text-align-right\">Spracoval P. Jozef \u0160uppa SJ<\/p>\n","protected":false},"excerpt":{"rendered":"<p>&#8222;Zveleben\u00fd bu\u010f, Bo\u017ee na\u0161ich otcov, a nech je zveleben\u00e9 tvoje meno po v\u0161etky veky vekov! Nech ti dobrore\u010dia nebesia i v\u0161etko tvoje stvorenie po v\u0161etky veky!&#8220; Tobi\u00e1\u0161 8, 5 Encyklika Laudato si, 64 Chcem hne\u010f od za\u010diatku uk\u00e1za\u0165, ako presved\u010denie viery pon\u00faka kres\u0165anom a \u010diasto\u010dne aj in\u00fdm veriacim vzne\u0161en\u00e9 motiv\u00e1cie, aby sa starali o pr\u00edrodu&hellip;&nbsp;<a href=\"http:\/\/ignacianskaspiritualita.sk\/index.php\/2021\/01\/sme-strazcami-vsetkeho-stvorenia\/\" rel=\"bookmark\">\u010c\u00edta\u0165 viac &raquo;<span class=\"screen-reader-text\">Sme str\u00e1\u017ecami v\u0161etk\u00e9ho stvorenia<\/span><\/a><\/p>\n","protected":false},"author":4,"featured_media":0,"comment_status":"closed","ping_status":"closed","sticky":false,"template":"","format":"standard","meta":{"neve_meta_sidebar":"","neve_meta_container":"","neve_meta_enable_content_width":"","neve_meta_content_width":0,"neve_meta_title_alignment":"","neve_meta_author_avatar":"","neve_post_elements_order":"","neve_meta_disable_header":"","neve_meta_disable_footer":"","neve_meta_disable_title":"","_ti_tpc_template_sync":false,"_ti_tpc_template_id":""},"categories":[193,194],"tags":[97,119,127,150],"_links":{"self":[{"href":"http:\/\/ignacianskaspiritualita.sk\/index.php\/wp-json\/wp\/v2\/posts\/1984"}],"collection":[{"href":"http:\/\/ignacianskaspiritualita.sk\/index.php\/wp-json\/wp\/v2\/posts"}],"about":[{"href":"http:\/\/ignacianskaspiritualita.sk\/index.php\/wp-json\/wp\/v2\/types\/post"}],"author":[{"embeddable":true,"href":"http:\/\/ignacianskaspiritualita.sk\/index.php\/wp-json\/wp\/v2\/users\/4"}],"replies":[{"embeddable":true,"href":"http:\/\/ignacianskaspiritualita.sk\/index.php\/wp-json\/wp\/v2\/comments?post=1984"}],"version-history":[{"count":8,"href":"http:\/\/ignacianskaspiritualita.sk\/index.php\/wp-json\/wp\/v2\/posts\/1984\/revisions"}],"predecessor-version":[{"id":2047,"href":"http:\/\/ignacianskaspiritualita.sk\/index.php\/wp-json\/wp\/v2\/posts\/1984\/revisions\/2047"}],"wp:attachment":[{"href":"http:\/\/ignacianskaspiritualita.sk\/index.php\/wp-json\/wp\/v2\/media?parent=1984"}],"wp:term":[{"taxonomy":"category","embeddable":true,"href":"http:\/\/ignacianskaspiritualita.sk\/index.php\/wp-json\/wp\/v2\/categories?post=1984"},{"taxonomy":"post_tag","embeddable":true,"href":"http:\/\/ignacianskaspiritualita.sk\/index.php\/wp-json\/wp\/v2\/tags?post=1984"}],"curies":[{"name":"wp","href":"https:\/\/api.w.org\/{rel}","templated":true}]}}