{"id":1517,"date":"2015-03-08T08:11:24","date_gmt":"2015-03-08T08:11:24","guid":{"rendered":"http:\/\/ignacianskaspiritualita.sk\/?p=1517"},"modified":"2016-01-27T14:39:23","modified_gmt":"2016-01-27T14:39:23","slug":"1517","status":"publish","type":"post","link":"http:\/\/ignacianskaspiritualita.sk\/index.php\/2015\/03\/1517\/","title":{"rendered":"Osoba l\u00eddra &#8211; Sloboda"},"content":{"rendered":"<p style=\"text-align: justify;\" align=\"center\">Vn\u00fatorn\u00e1 sloboda je jedno z\u00a0ovoc\u00ed <i>Duchovn\u00fdch cvi\u010den\u00ed<\/i>. Nadob\u00fada sa po\u010das modlitieb a\u00a0spytovania svedomia, maj\u00fac na zreteli vlastn\u00e9 pocity (afekty), usporiadan\u00e9 alebo nie, a\u00a0prosiac P\u00e1na, aby n\u00e1s napravil v\u00a0neusporiadan\u00fdch t\u00fa\u017ebach t\u00fdm, \u017ee sa usilujeme o<!--more--> vyv\u00e1\u017eenie prirodzen\u00fdch nekon\u0161trukt\u00edvnych sklonov s t\u00fa\u017ebami a\u00a0situ\u00e1ciami, ktor\u00e9 ich napravia.<\/p>\n<p style=\"text-align: justify;\">T\u00e1to vn\u00fatorn\u00e1 sloboda m\u00e1 odozvy v\u00a0tom, \u010do jednotlivec c\u00edti, \u010do si \u017eel\u00e1, mysl\u00ed, navrhuje, hovor\u00ed alebo rob\u00ed. Toto v\u0161etko m\u00f4\u017ee by\u0165 usporiadan\u00e9 vzh\u013eadom na poslanie, pre\u017e\u00edvan\u00e9 zdravo a\u00a0 integruj\u00facim \u00a0a\u00a0\u0161\u0165astn\u00fdm sp\u00f4sobom. Alebo m\u00f4\u017ee sa vyskytn\u00fa\u0165 citov\u00fd chaos, ktor\u00fd sp\u00f4sob\u00ed utrpenie v\u00a0samotnom \u010dloveku alebo u\u00a0in\u00fdch. Sloboda je \u00faloha, o\u00a0ktorej treba uva\u017eova\u0165, a\u00a0na ktorej treba pracova\u0165 cel\u00fd \u017eivot.<\/p>\n<p style=\"text-align: justify;\">V\u00a0\u013eudskom spr\u00e1van\u00ed sa, sloboda k osob\u00e1m znamen\u00e1 \u0161t\u00fdl. To, \u010do jednotlivec pre\u017e\u00edva vo vn\u00fatri \u2013t\u00e1to vn\u00fatorn\u00e1 sloboda alebo citov\u00e9 v\u00e4zby \u2013 pozna\u010duje n\u00e1\u0161 vz\u0165ah s\u00a0in\u00fdmi i\u00a0n\u00e1\u0161 \u0161t\u00fdl vodcovstva. Slobodn\u00e1 osoba, v\u00a0plnom zmysle slova, je referent (re\u010dn\u00edkom). \u201eBy\u0165 vzorom pre bl\u00ed\u017eneho\u201c, bez upadnutia do farizejizmu alebo do pestovania falo\u0161n\u00fdch obrazov, je zodpovednos\u0165 pre t\u00fdch, ktor\u00ed h\u013eadaj\u00fa dobr\u00e9 a\u00a0oslobodzuj\u00face pr\u00edklady. To, \u010d\u00edm \u010dlovek je a\u00a0\u010do c\u00edti, m\u00f4\u017ee by\u0165 pomoc pre ostatn\u00fdch. V\u0161etci potrebujeme vierohodn\u00e9 vzory.<\/p>\n<p style=\"text-align: justify;\">\u201eM\u00e1 by\u0165 aj slobodn\u00fd od v\u0161etk\u00fdch nezriaden\u00fdch v\u00e1\u0161n\u00ed, ktor\u00e9 m\u00e1 s milos\u0165ou Bo\u017eou ovl\u00e1da\u0165 a ma\u0165 ich um\u0155tven\u00e9, aby mu vn\u00fatorne neovplyv\u0148ovali \u00fasudok rozumu. Navonok sa m\u00e1 tak ovl\u00e1da\u0165, a osobitne v re\u010di m\u00e1 by\u0165 tak\u00fd obozretn\u00fd, aby sa na \u0148om ni\u010d, ani len slov\u00ed\u010dko nespozorovalo, \u010do by nebolo na povzbudenie tak pre \u010dlenov Spolo\u010dnosti (pre ktor\u00fdch m\u00e1 by\u0165 akoby zrkadlom a vzorom), ako aj pre vonkaj\u0161\u00edch \u013eud\u00ed\u201c (<i>Kon\u0161tit\u00facie<\/i> 726).<\/p>\n<p style=\"text-align: justify;\">\u201ePr\u00edpravn\u00e1 modlitba je prosi\u0165 o milos\u0165 od Boha, n\u00e1\u0161ho P\u00e1na, aby v\u0161etky moje \u00famysly, \u010diny a skutky smerovali \u010disto na slu\u017ebu a chv\u00e1lu jeho bo\u017eskej Velebnosti\u201c (DC 46).<\/p>\n<p style=\"text-align: center;\" align=\"center\">Spracovan\u00e9 pod\u013ea Diccionario de liderazgo ignaciano<\/p>\n","protected":false},"excerpt":{"rendered":"<p>Vn\u00fatorn\u00e1 sloboda je jedno z\u00a0ovoc\u00ed Duchovn\u00fdch cvi\u010den\u00ed. Nadob\u00fada sa po\u010das modlitieb a\u00a0spytovania svedomia, maj\u00fac na zreteli vlastn\u00e9 pocity (afekty), usporiadan\u00e9 alebo nie, a\u00a0prosiac P\u00e1na, aby n\u00e1s napravil v\u00a0neusporiadan\u00fdch t\u00fa\u017ebach t\u00fdm, \u017ee sa usilujeme o<\/p>\n","protected":false},"author":2,"featured_media":0,"comment_status":"closed","ping_status":"closed","sticky":false,"template":"","format":"standard","meta":{"neve_meta_sidebar":"","neve_meta_container":"","neve_meta_enable_content_width":"","neve_meta_content_width":0,"neve_meta_title_alignment":"","neve_meta_author_avatar":"","neve_post_elements_order":"","neve_meta_disable_header":"","neve_meta_disable_footer":"","neve_meta_disable_title":"","_ti_tpc_template_sync":false,"_ti_tpc_template_id":""},"categories":[170],"tags":[83,87,90,91,181,171,128,184,140],"_links":{"self":[{"href":"http:\/\/ignacianskaspiritualita.sk\/index.php\/wp-json\/wp\/v2\/posts\/1517"}],"collection":[{"href":"http:\/\/ignacianskaspiritualita.sk\/index.php\/wp-json\/wp\/v2\/posts"}],"about":[{"href":"http:\/\/ignacianskaspiritualita.sk\/index.php\/wp-json\/wp\/v2\/types\/post"}],"author":[{"embeddable":true,"href":"http:\/\/ignacianskaspiritualita.sk\/index.php\/wp-json\/wp\/v2\/users\/2"}],"replies":[{"embeddable":true,"href":"http:\/\/ignacianskaspiritualita.sk\/index.php\/wp-json\/wp\/v2\/comments?post=1517"}],"version-history":[{"count":4,"href":"http:\/\/ignacianskaspiritualita.sk\/index.php\/wp-json\/wp\/v2\/posts\/1517\/revisions"}],"predecessor-version":[{"id":1629,"href":"http:\/\/ignacianskaspiritualita.sk\/index.php\/wp-json\/wp\/v2\/posts\/1517\/revisions\/1629"}],"wp:attachment":[{"href":"http:\/\/ignacianskaspiritualita.sk\/index.php\/wp-json\/wp\/v2\/media?parent=1517"}],"wp:term":[{"taxonomy":"category","embeddable":true,"href":"http:\/\/ignacianskaspiritualita.sk\/index.php\/wp-json\/wp\/v2\/categories?post=1517"},{"taxonomy":"post_tag","embeddable":true,"href":"http:\/\/ignacianskaspiritualita.sk\/index.php\/wp-json\/wp\/v2\/tags?post=1517"}],"curies":[{"name":"wp","href":"https:\/\/api.w.org\/{rel}","templated":true}]}}