{"id":1175,"date":"2011-05-16T20:04:43","date_gmt":"2011-05-16T18:04:43","guid":{"rendered":"http:\/\/ignacianskaspiritualita.sk\/?p=1175"},"modified":"2011-05-16T20:04:43","modified_gmt":"2011-05-16T18:04:43","slug":"sv-andrej-bobola-sj-1591-1657-knaz-mucenik","status":"publish","type":"post","link":"http:\/\/ignacianskaspiritualita.sk\/index.php\/2011\/05\/sv-andrej-bobola-sj-1591-1657-knaz-mucenik\/","title":{"rendered":"Sv. Andrej Bobola SJ (1591\u20131657), k\u0148az \u2013 mu\u010den\u00edk"},"content":{"rendered":"<p style=\"text-align: center;\"><strong>Sv. Andrej Bobola SJ (1591\u20131657), <\/strong><strong>k\u0148az \u2013 mu\u010den\u00edk<\/strong><\/p>\n<p style=\"text-align: justify;\">O sv. Andrejovi Bobolovi by sme mohli poveda\u0165, \u017ee patr\u00ed medzi najstato\u010dnej\u0161\u00edch svedkov Kristovho evanjelia a z\u00e1rove\u0148 medzi najkrvavej\u0161\u00edch svedkov rozdelen\u00e9ho kres\u0165anstva.<\/p>\n<p style=\"text-align: justify;\">Narodil sa v sandomierskom vojvodstve (v teraj\u0161om juhov\u00fdchodnom Po\u013esku) v roku 1591. \u0160tudoval na jezuitsk\u00fdch \u0161kol\u00e1ch v Sandomierzi a Vilne, kde aj vst\u00fapil do jezuitskej rehole roku 1611 vo veku 20 rokov. Nasledovalo jeden\u00e1s\u0165 rokov reho\u013enej v\u00fdchovy a k\u0148azsk\u00fdch \u0161t\u00fadi\u00ed, po ktor\u00fdch bol r. 1622 vysv\u00e4ten\u00fd za k\u0148aza.<!--more--><\/p>\n<p style=\"text-align: justify;\">Najprv p\u00f4sobil v litovskom meste Vilne ako kazate\u013e a ako duchovn\u00fd ved\u00faci mari\u00e1nskej kongreg\u00e1cie. Mari\u00e1nska kongreg\u00e1cia bola n\u00e1bo\u017eensk\u00fdm spolkom, v ktorom sa veriaci zdru\u017eovali pod\u013ea stavov (\u0161tudenti, u\u010ditelia, robotn\u00edci, mu\u017ei, \u017eeny a pod.). Hnutie mari\u00e1nskych kongreg\u00e1ci\u00ed vzniklo na podnet jezuitov v R\u00edme. \u010casom sa ve\u013emi roz\u0161\u00edrilo a malo ve\u013ek\u00fd v\u00fdznam pri obnove a prehlbovan\u00ed n\u00e1bo\u017eensk\u00e9ho \u017eivota.<\/p>\n<p style=\"text-align: justify;\">Po nieko\u013ekoro\u010dnom p\u00f4soben\u00ed vo Vilne bol Andrej Bobola vymenovan\u00fd za predstaven\u00e9ho jezuitsk\u00e9ho kl\u00e1\u0161tora v bieloruskom meste Bobrujsku. Aj ako predstaven\u00fd sa venoval\u00a0 \u010do najviac duchovnej slu\u017ebe veriacich. Ke\u010f bolo treba, pom\u00e1hal aj telesne. To sa prejavilo zvl\u00e1\u0161\u0165 pri epid\u00e9mii moru, ktor\u00e1 v tom \u010dase postihla v\u00fdchodn\u00fa Litvu a Bielorusko. Bez oh\u013eadu na nebezpe\u010denstvo n\u00e1kazy p\u00e1ter Bobola pom\u00e1hal chor\u00fdm a zomieraj\u00facim a\u017e do krajn\u00e9ho vyp\u00e4tia svojich s\u00edl.<\/p>\n<p style=\"text-align: justify;\">Od roku 1636 ur\u010dili predstaven\u00ed Andreja Bobolu za \u013eudov\u00e9ho mision\u00e1ra. V tejto \u00falohe p\u00f4sobil na rozsiahlom \u00fazem\u00ed okolo rieky Pripetu v Bielorusku. Tamoj\u0161\u00ed kres\u0165ania mali ve\u013emi slab\u00e9 n\u00e1bo\u017eensk\u00e9 vedomosti a aj mravne boli na n\u00edzkej \u00farovni. Okrem toho iba \u010das\u0165 bola spojen\u00e1 s R\u00edmom po Brest-Litovskej \u00fanii, ktor\u00e1 sa uskuto\u010dnila v r. 1596. Ostatn\u00ed boli pravosl\u00e1vni a \u010dasto ve\u013emi nepriate\u013esk\u00ed vo\u010di R\u00edmu. Medzi t\u00fdmito \u00fa\u010dinkoval p\u00e1ter Bobola 20 rokov. Katol\u00edkov priv\u00e1dzal k hlb\u0161iemu n\u00e1bo\u017eensk\u00e9mu \u017eivotu a pravosl\u00e1vnych z\u00edskaval pre zjednotenie s R\u00edmom. Takto sa mu podarilo z\u00edska\u0165 cel\u00e9 pravosl\u00e1vne dediny.<\/p>\n<p style=\"text-align: justify;\">Tieto \u00faspechy ve\u013emi pob\u00farili tvrd\u00fdch z\u00e1stancov pravosl\u00e1via. \u00daspe\u0161n\u00e9ho mision\u00e1ra naz\u00fdvali \u201edu\u0161ochvat\u201d, uchvatite\u013e du\u0161\u00ed, a usilovali sa ho znemo\u017eni\u0165. Ke\u010f nemohli proti nemu otvorene vyst\u00fapi\u0165 sami, naj\u00edmali si skupiny chlapcov, aby ho prepadali a hanobili.<\/p>\n<p style=\"text-align: justify;\">Ve\u013ek\u00e1 pr\u00edle\u017eitos\u0165 sa naskytla pravosl\u00e1vnym nepriate\u013eom vo vojne Koz\u00e1kov proti Po\u013esku v rokoch 1649\u20131657. Koz\u00e1ci zaplavili Bielorusko a spolu s miestnymi pravosl\u00e1vnymi sa v\u0155\u0161ili na k\u0148azoch a veriacich, ktor\u00ed boli zjednoten\u00ed s R\u00edmom. Desiatky k\u0148azov a tis\u00edce veriacich zaplatili \u017eivotom svoju vernos\u0165 katol\u00edckej cirkvi.<\/p>\n<p style=\"text-align: justify;\">Je samozrejm\u00e9, \u017ee nepriatelia Cirkvi mali mimoriadny z\u00e1ujem o chytenie horliv\u00e9ho mision\u00e1ra Andreja Bobolu. Napokon sa im to podarilo 16. m\u00e1ja 1657 v bl\u00edzkosti meste\u010dka Janova, pr\u00e1ve ke\u010f kon\u010dil sv\u00e4t\u00fa om\u0161u. Koz\u00e1ci sa na\u0148ho vrhli, t\u013akli ho kyjakmi a potom ho priviazan\u00e9ho za ko\u0148a vliekli po zemi do bl\u00edzkeho Janova. Tam skrvaven\u00e9ho k\u0148aza \u201es\u00fadili\u201d. Ke\u010f prejavoval vernos\u0165 katol\u00edckej cir\u00adkvi, pomstili sa mu mimoriadne krut\u00fdm sp\u00f4sobom: \u0161\u013eahali ho bi\u010dmi, sekali kos\u00e1kmi, z chrbta mu stiahli ko\u017eu a po celom tele ho p\u00e1lili fak\u013eami. Ke\u010f posledn\u00fdmi silami vyzn\u00e1val svoju vieru, odrezali mu pery, vytrhli jazyk a vyl\u00fapili oko. Napokon ho zabili me\u010dom.<\/p>\n<p style=\"text-align: justify;\">N\u00e1bo\u017en\u00ed veriaci pochovali mision\u00e1rovo zmasakrovan\u00e9 telo najprv v Janove a nesk\u00f4r ho odovzdali jezuitom v meste Pinsku. Tam ho na\u0161li neporu\u0161en\u00e9 pri premiest\u0148ovan\u00ed cintor\u00edna v roku 1808. Vtedy ho preniesli do Polocka, kde v tom \u010dase s\u00eddlil hlavn\u00fd predstaven\u00fd jezuitov, ktor\u00ed sa po prechodnom zru\u0161en\u00ed rehole (1773\u20131814) zachovali v Bielorusku. Mu\u010den\u00edkovo telo ulo\u017eili do sklenej rakvy. Tak ho na\u0161li vojaci ruskej \u010cervenej arm\u00e1dy v r. 1922. Cennosti, ktor\u00e9 tam boli, skonfi\u0161kovali, ale zachovan\u00e9 telo odovzdali do pr\u00edrodovedeck\u00e9ho m\u00fazea v Moskve, kde bolo pribli\u017ene rok.<\/p>\n<p style=\"text-align: justify;\">V roku 1923 v mene p\u00e1pe\u017ea Pia XI. po\u017eiadali sovietsku vl\u00e1du o vydanie mu\u010den\u00edkovho tela dvaja severoamerick\u00ed jezuiti, ktor\u00ed boli \u010dlenmi p\u00e1pe\u017eskej komisie na pomoc hladuj\u00facim v sovietskom Rusku. Vl\u00e1da im vyhovela, a tak sa roku 1924 dostalo telo Andreja Bobolu z Moskvy cez Odesu do R\u00edma. Tam bolo ulo\u017ee\u00adn\u00e9 najprv v tzv. Matildinej kaplnke vo Vatik\u00e1ne a nesk\u00f4r pri olt\u00e1ri sv. Franti\u0161ka Xav\u00e9rskeho v hlavnom jezuitskom kostole del Ges\u00f9 v R\u00edme.<\/p>\n<p style=\"text-align: justify;\">Umu\u010den\u00e9ho k\u0148aza &#8211; mision\u00e1ra hne\u010f po smrti uctievali v krajin\u00e1ch, ku ktor\u00fdm mal bli\u017e\u0161\u00ed vz\u0165ah: v Po\u013esku, odkia\u013e poch\u00e1dzal, v Bielorusku a Litve, kde p\u00f4sobil. Uctievali si ho nielen katol\u00edci, ale aj po\u010detn\u00ed pravosl\u00e1vni. Mnoh\u00ed obdr\u017eali na jeho pr\u00edhovor mimoriadne milosti.<\/p>\n<p style=\"text-align: justify;\">V r. 1853 ho p\u00e1pe\u017e Pius IX. vyhl\u00e1sil za blahoslaven\u00e9ho. Napokon p\u00e1pe\u017e Pius XI. ho vyhl\u00e1sil za sv\u00e4t\u00e9ho v apr\u00edli 1938. Po sv\u00e4tore\u010den\u00ed sl\u00e1vnostne previezli telo sv. Andreja Bobolu do Po\u013eska. Vtedy sa u\u017e sv\u00e4tcova \u00facta roz\u0161\u00edrila aj do in\u00fdch kraj\u00edn. Sv. Andrej Bobola sa stal vzorom hrdinskej vernosti Cirkvi a \u00fasilia po zjednoten\u00ed pravosl\u00e1vnej cirkvi s R\u00edmom.<\/p>\n<p style=\"text-align: justify;\">Najviac si uctievali a uctievaj\u00fa hrdinsk\u00e9ho mu\u010den\u00edka jeho spolurod\u00e1ci. Zvl\u00e1\u0161\u0165 sa to prejavilo v druhej svetovej vojne po\u010das var\u0161avsk\u00e9ho povstania proti nacistick\u00fdm okupantom, ke\u010f pren\u00e1\u0161ali sv\u00e4tcovo telo z jednej mestskej \u0161tvrte do druhej podzemn\u00fdmi chodbami kanaliz\u00e1cie. Bl\u00edzkos\u0165 tejto vz\u00e1cnej relikvie bola pre nich prame\u0148om sily v \u0165a\u017ekej situ\u00e1cii a prame\u0148om n\u00e1deje do bud\u00facnosti.<\/p>\n<p style=\"text-align: justify;\">V jezuitskej reholi sa uctieva liturgick\u00e1 pamiatka sv. Andreja Bobolu 16. m\u00e1ja. Ke\u010f\u017ee na Slovensku je v ten de\u0148 liturgick\u00e1 spomienka sv. J\u00e1na Nepomuck\u00e9ho, slovensk\u00e1 provincia jezuitov si uctieva sv\u00e4t\u00e9ho mu\u010den\u00edka Andreja u\u017e de\u0148 predt\u00fdm \u2013 15. m\u00e1ja.<\/p>\n<p style=\"text-align: center;\">(spracovan\u00e9\u00a0 pod\u013ea SV\u00c4T\u00cd A BLAHOSLAVEN\u00cd JEZUITSKEJ REHOLE od p\u00e1tra Rajmunda Ondru\u0161a SJ)<\/p>\n","protected":false},"excerpt":{"rendered":"<p>Sv. Andrej Bobola SJ (1591\u20131657), k\u0148az \u2013 mu\u010den\u00edk O sv. Andrejovi Bobolovi by sme mohli poveda\u0165, \u017ee patr\u00ed medzi najstato\u010dnej\u0161\u00edch svedkov Kristovho evanjelia a z\u00e1rove\u0148 medzi najkrvavej\u0161\u00edch svedkov rozdelen\u00e9ho kres\u0165anstva. Narodil sa v sandomierskom vojvodstve (v teraj\u0161om juhov\u00fdchodnom Po\u013esku) v roku 1591. \u0160tudoval na jezuitsk\u00fdch \u0161kol\u00e1ch v Sandomierzi a Vilne, kde aj vst\u00fapil do jezuitskej&hellip;&nbsp;<a href=\"http:\/\/ignacianskaspiritualita.sk\/index.php\/2011\/05\/sv-andrej-bobola-sj-1591-1657-knaz-mucenik\/\" rel=\"bookmark\">\u010c\u00edta\u0165 viac &raquo;<span class=\"screen-reader-text\">Sv. Andrej Bobola SJ (1591\u20131657), k\u0148az \u2013 mu\u010den\u00edk<\/span><\/a><\/p>\n","protected":false},"author":2,"featured_media":0,"comment_status":"closed","ping_status":"closed","sticky":false,"template":"","format":"standard","meta":{"neve_meta_sidebar":"","neve_meta_container":"","neve_meta_enable_content_width":"","neve_meta_content_width":0,"neve_meta_title_alignment":"","neve_meta_author_avatar":"","neve_post_elements_order":"","neve_meta_disable_header":"","neve_meta_disable_footer":"","neve_meta_disable_title":"","_ti_tpc_template_sync":false,"_ti_tpc_template_id":""},"categories":[28],"tags":[70,173,122,174],"_links":{"self":[{"href":"http:\/\/ignacianskaspiritualita.sk\/index.php\/wp-json\/wp\/v2\/posts\/1175"}],"collection":[{"href":"http:\/\/ignacianskaspiritualita.sk\/index.php\/wp-json\/wp\/v2\/posts"}],"about":[{"href":"http:\/\/ignacianskaspiritualita.sk\/index.php\/wp-json\/wp\/v2\/types\/post"}],"author":[{"embeddable":true,"href":"http:\/\/ignacianskaspiritualita.sk\/index.php\/wp-json\/wp\/v2\/users\/2"}],"replies":[{"embeddable":true,"href":"http:\/\/ignacianskaspiritualita.sk\/index.php\/wp-json\/wp\/v2\/comments?post=1175"}],"version-history":[{"count":0,"href":"http:\/\/ignacianskaspiritualita.sk\/index.php\/wp-json\/wp\/v2\/posts\/1175\/revisions"}],"wp:attachment":[{"href":"http:\/\/ignacianskaspiritualita.sk\/index.php\/wp-json\/wp\/v2\/media?parent=1175"}],"wp:term":[{"taxonomy":"category","embeddable":true,"href":"http:\/\/ignacianskaspiritualita.sk\/index.php\/wp-json\/wp\/v2\/categories?post=1175"},{"taxonomy":"post_tag","embeddable":true,"href":"http:\/\/ignacianskaspiritualita.sk\/index.php\/wp-json\/wp\/v2\/tags?post=1175"}],"curies":[{"name":"wp","href":"https:\/\/api.w.org\/{rel}","templated":true}]}}